{"id":3357,"date":"2021-09-08T07:03:07","date_gmt":"2021-09-08T06:03:07","guid":{"rendered":"https:\/\/www.sskb.sk\/2022\/?p=3357"},"modified":"2021-09-08T07:53:12","modified_gmt":"2021-09-08T06:53:12","slug":"radnica-2021","status":"publish","type":"post","link":"https:\/\/www.sskb.sk\/2022\/radnica-2021\/","title":{"rendered":"RADNICA 2021"},"content":{"rendered":"\n<h3 class=\"wp-block-heading\"><strong><em><span style=\"color:#f00915\" class=\"has-inline-color\">List prezidenta IFCC N\u00e1rodn\u00fdm reprezentantom a&nbsp;Prezidentom \u010dlensk\u00fdch spolo\u010dnost\u00ed IFCC a z\u00e1stupcom pridru\u017een\u00fdch spolo\u010dnost\u00ed IFCC a&nbsp;ich prezidentom<\/span><\/em><\/strong><\/h3>\n\n\n\n<p>Medzin\u00e1rodn\u00e1 feder\u00e1cia pre klinick\u00fa ch\u00e9miu a\u00a0laborat\u00f3rnu medic\u00ednu (IFCC) chce od tejto jesene ka\u017edoro\u010dne organizova\u0165 v r\u00f4znych regi\u00f3noch <strong>Radnicu <\/strong>(Town Hall).<\/p>\n\n\n\n<p>Radnica je nov\u00e1 strat\u00e9gia, ktor\u00fa IFCC predstavuje na v\u00fdrazn\u00e9 posilnenie internej komunik\u00e1cie v r\u00e1mci IFCC a medzi veden\u00edm IFCC a v\u0161etk\u00fdmi \u010dlensk\u00fdmi spolo\u010dnos\u0165ami IFCC a region\u00e1lnymi feder\u00e1ciami.<\/p>\n\n\n\n<p>K\u013e\u00fa\u010dov\u00e9 ciele t\u00fdchto nov\u00fdch ka\u017edoro\u010dn\u00fdch radn\u00edc s\u00fa:<\/p>\n\n\n\n<p>\u2022 <strong>Aktualizova\u0165 informovanos\u0165<\/strong> \u010dlenov o s\u00fa\u010dasn\u00fdch a nadch\u00e1dzaj\u00facich programoch IFCC a nov\u00fdch iniciat\u00edvach na celom svete alebo v konkr\u00e9tnych regi\u00f3noch<\/p>\n\n\n\n<p>\u2022 <strong>Poskytn\u00fa\u0165 platformu pre otvoren\u00e9 komunika\u010dn\u00e9 f\u00f3rum <\/strong>medzi \u010dlenmi rady IFCC a \u010dlenmi prez\u00eddi\u00ed region\u00e1lnych feder\u00e1ci\u00ed a n\u00e1rodn\u00fdch spolo\u010dnost\u00ed IFCC, ako aj v\u0161etk\u00fdmi odborn\u00edkmi z oblasti laborat\u00f3ri\u00ed a vedcami v ka\u017edom regi\u00f3ne.<\/p>\n\n\n\n<p>\u2022 <strong>Dosta\u0165 od \u010dlenov sp\u00e4tn\u00fa v\u00e4zbu o programoch IFCC<\/strong>, najm\u00e4 o nov\u00fdch pl\u00e1novan\u00fdch iniciat\u00edvach, ktor\u00e9 maj\u00fa priamo prispie\u0165 k zlep\u0161ovaniu excelentnosti laborat\u00f3rnej medic\u00edny smerom k lep\u0161ej zdravotnej starostlivosti na celom svete.<\/p>\n\n\n\n<p><strong>Radnica bude trojhodinov\u00e9 interakt\u00edvne virtu\u00e1lne podujatie NA \u017dIVO<\/strong> (LIVE), ktor\u00e9 sa bude kona\u0165 v r\u00f4znych \u010dasov\u00fdch p\u00e1smach po celom svete pomocou virtu\u00e1lnej platformy. <strong>Prv\u00e1 radnica je napl\u00e1novan\u00e1 v stredoeur\u00f3pskom \u010dasovom p\u00e1sme<\/strong> a v\u00fdkonn\u00e1 rada IFCC by chcela pozva\u0165 predsedov n\u00e1rodn\u00fdch spolo\u010dnost\u00ed IFCC, n\u00e1rodn\u00fdch z\u00e1stupcov a radov\u00fdch \u010dlenov n\u00e1rodn\u00fdch spolo\u010dnost\u00ed v Eur\u00f3pe, Afrike a na Strednom v\u00fdchode, aby sa k n\u00e1m pridali. Bude to jedine\u010dn\u00e1 pr\u00edle\u017eitos\u0165 spoji\u0165 v\u0161etk\u00fdch v t\u00fdchto regi\u00f3noch a umo\u017eni\u0165 v\u00fdmenu my\u0161lienok a vo\u013en\u00fa komunik\u00e1ciu medzi r\u00f4znymi organiz\u00e1ciami.<\/p>\n\n\n\n<p>Na rok 2021 je navrhnut\u00fd harmonogram radnice nasledovne:<\/p>\n\n\n\n<h3 class=\"wp-block-heading\"><strong><span style=\"color:#eb0621\" class=\"has-inline-color\">15. september 2021 od 09.00 do 12.00 hod<\/span><\/strong><span style=\"color:#ea0c06\" class=\"has-inline-color\"><strong> <\/strong><\/span><\/h3>\n\n\n\n<p><strong>Kr\u00e1tke prezent\u00e1cie<\/strong> o s\u00fa\u010dasn\u00fdch a nadch\u00e1dzaj\u00facich programoch IFCC a nov\u00fdch iniciat\u00edvach na celom svete alebo v konkr\u00e9tnych regi\u00f3noch bud\u00fa ma\u0165:<\/p>\n\n\n\n<ul class=\"wp-block-list\"><li>Prof.&nbsp;<strong>Khosrow Adeli<\/strong>&nbsp;\u2013 Prezident IFCC<\/li><li>Dr.&nbsp;<strong>David Kinniburgh<\/strong>&nbsp;\u2013 Vedeck\u00fd sekret\u00e1r IFCC<\/li><li>Dr.&nbsp;<strong>Alexander Haliassos<\/strong>&nbsp;\u2013 Pokladn\u00edk IFCC<\/li><li>Mr.&nbsp;<strong>Joe Passarelli<\/strong>&nbsp;\u2013 Z\u00e1stupca firiem<\/li><li>Dr.&nbsp;<strong>Osama Najjiar<\/strong>&nbsp;\u2013 Prezident AFCB (Arabsk\u00e1 feder\u00e1cia)<\/li><li>Prof.&nbsp;<strong>Rajiv Erasmus<\/strong>&nbsp;\u2013 Prezident AFCC (Africk\u00e1 feder\u00e1cia)<\/li><li>Prof.&nbsp;<strong>Ana-Maria \u0160imundi\u0107<\/strong>&nbsp;\u2013 Prezident EFLM (Eur\u00f3pska feder\u00e1cia)<\/li><\/ul>\n\n\n\n<p><strong>V\u0161etci \u010dlenovia<\/strong> <strong>Slovenskej spolo\u010dnosti klinickej bioch\u00e9mie <\/strong>(nielen \u010dlenovia v\u00fdboru SSKB) maj\u00fa mo\u017enos\u0165 z\u00fa\u010dastni\u0165 sa diskusn\u00e9ho f\u00f3ra s&nbsp;najvy\u0161\u0161\u00edmi predstavite\u013emi IFCC a prostredn\u00edctvom \u010detu kl\u00e1s\u0165 aj ot\u00e1zky. D\u00fafame, \u017ee \u010dlenovia bud\u00fa ma\u0165 z\u00e1ujem akt\u00edvne sa z\u00fa\u010dastni\u0165 tohto otvoren\u00e9ho komunika\u010dn\u00e9ho f\u00f3ra a&nbsp;tak prispie\u0165 k&nbsp;zlep\u0161eniu komunik\u00e1cie v r\u00e1mci na\u0161ej komunity laborat\u00f3rnej medic\u00edny.<\/p>\n\n\n\n<h3 class=\"wp-block-heading\"><span style=\"color:#ee0909\" class=\"has-inline-color\">Na registr\u00e1ciu radnice<strong> 15.9.2021<\/strong> kliknite pros\u00edm na odkaz <\/span><br><strong><a rel=\"noreferrer noopener\" href=\"https:\/\/ifcc-townhall.com\/09-15-2021\" target=\"_blank\"><span style=\"color:#072be1\" class=\"has-inline-color\">https:\/\/ifcc-townhall.com\/09-15-2021<\/span><\/a> <\/strong><br>a&nbsp;zaregistrujte sa.<\/h3>\n\n\n\n<p>\u010eakujem ve\u013emi pekne za pozornos\u0165 a neust\u00e1lu spolupr\u00e1cu.<\/p>\n\n\n\n<p>Prof. Khosrow Adeli<br>Prezident IFCC<\/p>\n","protected":false},"excerpt":{"rendered":"<p>List prezidenta IFCC N\u00e1rodn\u00fdm reprezentantom a&nbsp;Prezidentom \u010dlensk\u00fdch spolo\u010dnost\u00ed IFCC a z\u00e1stupcom pridru\u017een\u00fdch spolo\u010dnost\u00ed IFCC a&nbsp;ich prezidentom Medzin\u00e1rodn\u00e1 feder\u00e1cia pre klinick\u00fa ch\u00e9miu a\u00a0laborat\u00f3rnu medic\u00ednu (IFCC) chce od tejto jesene ka\u017edoro\u010dne organizova\u0165 v r\u00f4znych regi\u00f3noch Radnicu (Town Hall). Radnica je nov\u00e1 strat\u00e9gia, ktor\u00fa IFCC predstavuje na v\u00fdrazn\u00e9 posilnenie internej komunik\u00e1cie v r\u00e1mci IFCC a medzi veden\u00edm IFCC [&hellip;]<\/p>\n","protected":false},"author":6,"featured_media":0,"comment_status":"closed","ping_status":"open","sticky":false,"template":"","format":"standard","meta":{"footnotes":""},"categories":[8],"tags":[],"class_list":["post-3357","post","type-post","status-publish","format-standard","hentry","category-informacie-z-eflm-a-ifcc"],"yoast_head":"<!-- This site is optimized with the Yoast SEO plugin v27.4 - https:\/\/yoast.com\/product\/yoast-seo-wordpress\/ -->\n<title>RADNICA 2021 - SSKB SLS<\/title>\n<meta name=\"robots\" content=\"index, follow, max-snippet:-1, max-image-preview:large, max-video-preview:-1\" \/>\n<link rel=\"canonical\" href=\"https:\/\/www.sskb.sk\/2022\/radnica-2021\/\" \/>\n<meta property=\"og:locale\" content=\"sk_SK\" \/>\n<meta property=\"og:type\" content=\"article\" \/>\n<meta property=\"og:title\" content=\"RADNICA 2021 - SSKB SLS\" \/>\n<meta property=\"og:description\" content=\"List prezidenta IFCC N\u00e1rodn\u00fdm reprezentantom a&nbsp;Prezidentom \u010dlensk\u00fdch spolo\u010dnost\u00ed IFCC a z\u00e1stupcom pridru\u017een\u00fdch spolo\u010dnost\u00ed IFCC a&nbsp;ich prezidentom Medzin\u00e1rodn\u00e1 feder\u00e1cia pre klinick\u00fa ch\u00e9miu a\u00a0laborat\u00f3rnu medic\u00ednu (IFCC) chce od tejto jesene ka\u017edoro\u010dne organizova\u0165 v r\u00f4znych regi\u00f3noch Radnicu (Town Hall). Radnica je nov\u00e1 strat\u00e9gia, ktor\u00fa IFCC predstavuje na v\u00fdrazn\u00e9 posilnenie internej komunik\u00e1cie v r\u00e1mci IFCC a medzi veden\u00edm IFCC [&hellip;]\" \/>\n<meta property=\"og:url\" content=\"https:\/\/www.sskb.sk\/2022\/radnica-2021\/\" \/>\n<meta property=\"og:site_name\" content=\"SSKB SLS\" \/>\n<meta property=\"article:published_time\" content=\"2021-09-08T06:03:07+00:00\" \/>\n<meta property=\"article:modified_time\" content=\"2021-09-08T06:53:12+00:00\" \/>\n<meta name=\"author\" content=\"J\u00e1n Balla\" \/>\n<meta name=\"twitter:card\" content=\"summary_large_image\" \/>\n<meta name=\"twitter:label1\" content=\"Autor\" \/>\n\t<meta name=\"twitter:data1\" content=\"J\u00e1n Balla\" \/>\n\t<meta name=\"twitter:label2\" content=\"Predpokladan\u00fd \u010das \u010d\u00edtania\" \/>\n\t<meta name=\"twitter:data2\" content=\"3 min\u00faty\" \/>\n<script type=\"application\/ld+json\" class=\"yoast-schema-graph\">{\"@context\":\"https:\\\/\\\/schema.org\",\"@graph\":[{\"@type\":\"Article\",\"@id\":\"https:\\\/\\\/www.sskb.sk\\\/2022\\\/radnica-2021\\\/#article\",\"isPartOf\":{\"@id\":\"https:\\\/\\\/www.sskb.sk\\\/2022\\\/radnica-2021\\\/\"},\"author\":{\"name\":\"J\u00e1n Balla\",\"@id\":\"https:\\\/\\\/www.sskb.sk\\\/2022\\\/#\\\/schema\\\/person\\\/9e78ad8c062b09f751f66cbe1d1cd85d\"},\"headline\":\"RADNICA 2021\",\"datePublished\":\"2021-09-08T06:03:07+00:00\",\"dateModified\":\"2021-09-08T06:53:12+00:00\",\"mainEntityOfPage\":{\"@id\":\"https:\\\/\\\/www.sskb.sk\\\/2022\\\/radnica-2021\\\/\"},\"wordCount\":559,\"publisher\":{\"@id\":\"https:\\\/\\\/www.sskb.sk\\\/2022\\\/#organization\"},\"articleSection\":[\"Info z EFLM a IFCC\"],\"inLanguage\":\"sk-SK\"},{\"@type\":\"WebPage\",\"@id\":\"https:\\\/\\\/www.sskb.sk\\\/2022\\\/radnica-2021\\\/\",\"url\":\"https:\\\/\\\/www.sskb.sk\\\/2022\\\/radnica-2021\\\/\",\"name\":\"RADNICA 2021 - SSKB SLS\",\"isPartOf\":{\"@id\":\"https:\\\/\\\/www.sskb.sk\\\/2022\\\/#website\"},\"datePublished\":\"2021-09-08T06:03:07+00:00\",\"dateModified\":\"2021-09-08T06:53:12+00:00\",\"breadcrumb\":{\"@id\":\"https:\\\/\\\/www.sskb.sk\\\/2022\\\/radnica-2021\\\/#breadcrumb\"},\"inLanguage\":\"sk-SK\",\"potentialAction\":[{\"@type\":\"ReadAction\",\"target\":[\"https:\\\/\\\/www.sskb.sk\\\/2022\\\/radnica-2021\\\/\"]}]},{\"@type\":\"BreadcrumbList\",\"@id\":\"https:\\\/\\\/www.sskb.sk\\\/2022\\\/radnica-2021\\\/#breadcrumb\",\"itemListElement\":[{\"@type\":\"ListItem\",\"position\":1,\"name\":\"Domovsk\u00e1 str\u00e1nka\",\"item\":\"https:\\\/\\\/www.sskb.sk\\\/2022\\\/\"},{\"@type\":\"ListItem\",\"position\":2,\"name\":\"RADNICA 2021\"}]},{\"@type\":\"WebSite\",\"@id\":\"https:\\\/\\\/www.sskb.sk\\\/2022\\\/#website\",\"url\":\"https:\\\/\\\/www.sskb.sk\\\/2022\\\/\",\"name\":\"SSKB SLS\",\"description\":\"Slovensk\u00e1 spolo\u010dnos\u0165 klinickej bioch\u00e9mie\",\"publisher\":{\"@id\":\"https:\\\/\\\/www.sskb.sk\\\/2022\\\/#organization\"},\"potentialAction\":[{\"@type\":\"SearchAction\",\"target\":{\"@type\":\"EntryPoint\",\"urlTemplate\":\"https:\\\/\\\/www.sskb.sk\\\/2022\\\/?s={search_term_string}\"},\"query-input\":{\"@type\":\"PropertyValueSpecification\",\"valueRequired\":true,\"valueName\":\"search_term_string\"}}],\"inLanguage\":\"sk-SK\"},{\"@type\":\"Organization\",\"@id\":\"https:\\\/\\\/www.sskb.sk\\\/2022\\\/#organization\",\"name\":\"SSKB SLS\",\"url\":\"https:\\\/\\\/www.sskb.sk\\\/2022\\\/\",\"logo\":{\"@type\":\"ImageObject\",\"inLanguage\":\"sk-SK\",\"@id\":\"https:\\\/\\\/www.sskb.sk\\\/2022\\\/#\\\/schema\\\/logo\\\/image\\\/\",\"url\":\"https:\\\/\\\/www.sskb.sk\\\/2022\\\/wp-content\\\/uploads\\\/2022\\\/09\\\/logo_klinicka-biochemia_SK-100.png\",\"contentUrl\":\"https:\\\/\\\/www.sskb.sk\\\/2022\\\/wp-content\\\/uploads\\\/2022\\\/09\\\/logo_klinicka-biochemia_SK-100.png\",\"width\":100,\"height\":98,\"caption\":\"SSKB SLS\"},\"image\":{\"@id\":\"https:\\\/\\\/www.sskb.sk\\\/2022\\\/#\\\/schema\\\/logo\\\/image\\\/\"}},{\"@type\":\"Person\",\"@id\":\"https:\\\/\\\/www.sskb.sk\\\/2022\\\/#\\\/schema\\\/person\\\/9e78ad8c062b09f751f66cbe1d1cd85d\",\"name\":\"J\u00e1n Balla\",\"url\":\"https:\\\/\\\/www.sskb.sk\\\/2022\\\/author\\\/balla\\\/\"}]}<\/script>\n<!-- \/ Yoast SEO plugin. -->","yoast_head_json":{"title":"RADNICA 2021 - SSKB SLS","robots":{"index":"index","follow":"follow","max-snippet":"max-snippet:-1","max-image-preview":"max-image-preview:large","max-video-preview":"max-video-preview:-1"},"canonical":"https:\/\/www.sskb.sk\/2022\/radnica-2021\/","og_locale":"sk_SK","og_type":"article","og_title":"RADNICA 2021 - SSKB SLS","og_description":"List prezidenta IFCC N\u00e1rodn\u00fdm reprezentantom a&nbsp;Prezidentom \u010dlensk\u00fdch spolo\u010dnost\u00ed IFCC a z\u00e1stupcom pridru\u017een\u00fdch spolo\u010dnost\u00ed IFCC a&nbsp;ich prezidentom Medzin\u00e1rodn\u00e1 feder\u00e1cia pre klinick\u00fa ch\u00e9miu a\u00a0laborat\u00f3rnu medic\u00ednu (IFCC) chce od tejto jesene ka\u017edoro\u010dne organizova\u0165 v r\u00f4znych regi\u00f3noch Radnicu (Town Hall). Radnica je nov\u00e1 strat\u00e9gia, ktor\u00fa IFCC predstavuje na v\u00fdrazn\u00e9 posilnenie internej komunik\u00e1cie v r\u00e1mci IFCC a medzi veden\u00edm IFCC [&hellip;]","og_url":"https:\/\/www.sskb.sk\/2022\/radnica-2021\/","og_site_name":"SSKB SLS","article_published_time":"2021-09-08T06:03:07+00:00","article_modified_time":"2021-09-08T06:53:12+00:00","author":"J\u00e1n Balla","twitter_card":"summary_large_image","twitter_misc":{"Autor":"J\u00e1n Balla","Predpokladan\u00fd \u010das \u010d\u00edtania":"3 min\u00faty"},"schema":{"@context":"https:\/\/schema.org","@graph":[{"@type":"Article","@id":"https:\/\/www.sskb.sk\/2022\/radnica-2021\/#article","isPartOf":{"@id":"https:\/\/www.sskb.sk\/2022\/radnica-2021\/"},"author":{"name":"J\u00e1n Balla","@id":"https:\/\/www.sskb.sk\/2022\/#\/schema\/person\/9e78ad8c062b09f751f66cbe1d1cd85d"},"headline":"RADNICA 2021","datePublished":"2021-09-08T06:03:07+00:00","dateModified":"2021-09-08T06:53:12+00:00","mainEntityOfPage":{"@id":"https:\/\/www.sskb.sk\/2022\/radnica-2021\/"},"wordCount":559,"publisher":{"@id":"https:\/\/www.sskb.sk\/2022\/#organization"},"articleSection":["Info z EFLM a IFCC"],"inLanguage":"sk-SK"},{"@type":"WebPage","@id":"https:\/\/www.sskb.sk\/2022\/radnica-2021\/","url":"https:\/\/www.sskb.sk\/2022\/radnica-2021\/","name":"RADNICA 2021 - SSKB SLS","isPartOf":{"@id":"https:\/\/www.sskb.sk\/2022\/#website"},"datePublished":"2021-09-08T06:03:07+00:00","dateModified":"2021-09-08T06:53:12+00:00","breadcrumb":{"@id":"https:\/\/www.sskb.sk\/2022\/radnica-2021\/#breadcrumb"},"inLanguage":"sk-SK","potentialAction":[{"@type":"ReadAction","target":["https:\/\/www.sskb.sk\/2022\/radnica-2021\/"]}]},{"@type":"BreadcrumbList","@id":"https:\/\/www.sskb.sk\/2022\/radnica-2021\/#breadcrumb","itemListElement":[{"@type":"ListItem","position":1,"name":"Domovsk\u00e1 str\u00e1nka","item":"https:\/\/www.sskb.sk\/2022\/"},{"@type":"ListItem","position":2,"name":"RADNICA 2021"}]},{"@type":"WebSite","@id":"https:\/\/www.sskb.sk\/2022\/#website","url":"https:\/\/www.sskb.sk\/2022\/","name":"SSKB SLS","description":"Slovensk\u00e1 spolo\u010dnos\u0165 klinickej bioch\u00e9mie","publisher":{"@id":"https:\/\/www.sskb.sk\/2022\/#organization"},"potentialAction":[{"@type":"SearchAction","target":{"@type":"EntryPoint","urlTemplate":"https:\/\/www.sskb.sk\/2022\/?s={search_term_string}"},"query-input":{"@type":"PropertyValueSpecification","valueRequired":true,"valueName":"search_term_string"}}],"inLanguage":"sk-SK"},{"@type":"Organization","@id":"https:\/\/www.sskb.sk\/2022\/#organization","name":"SSKB SLS","url":"https:\/\/www.sskb.sk\/2022\/","logo":{"@type":"ImageObject","inLanguage":"sk-SK","@id":"https:\/\/www.sskb.sk\/2022\/#\/schema\/logo\/image\/","url":"https:\/\/www.sskb.sk\/2022\/wp-content\/uploads\/2022\/09\/logo_klinicka-biochemia_SK-100.png","contentUrl":"https:\/\/www.sskb.sk\/2022\/wp-content\/uploads\/2022\/09\/logo_klinicka-biochemia_SK-100.png","width":100,"height":98,"caption":"SSKB SLS"},"image":{"@id":"https:\/\/www.sskb.sk\/2022\/#\/schema\/logo\/image\/"}},{"@type":"Person","@id":"https:\/\/www.sskb.sk\/2022\/#\/schema\/person\/9e78ad8c062b09f751f66cbe1d1cd85d","name":"J\u00e1n Balla","url":"https:\/\/www.sskb.sk\/2022\/author\/balla\/"}]}},"_links":{"self":[{"href":"https:\/\/www.sskb.sk\/2022\/wp-json\/wp\/v2\/posts\/3357","targetHints":{"allow":["GET"]}}],"collection":[{"href":"https:\/\/www.sskb.sk\/2022\/wp-json\/wp\/v2\/posts"}],"about":[{"href":"https:\/\/www.sskb.sk\/2022\/wp-json\/wp\/v2\/types\/post"}],"author":[{"embeddable":true,"href":"https:\/\/www.sskb.sk\/2022\/wp-json\/wp\/v2\/users\/6"}],"replies":[{"embeddable":true,"href":"https:\/\/www.sskb.sk\/2022\/wp-json\/wp\/v2\/comments?post=3357"}],"version-history":[{"count":5,"href":"https:\/\/www.sskb.sk\/2022\/wp-json\/wp\/v2\/posts\/3357\/revisions"}],"predecessor-version":[{"id":3365,"href":"https:\/\/www.sskb.sk\/2022\/wp-json\/wp\/v2\/posts\/3357\/revisions\/3365"}],"wp:attachment":[{"href":"https:\/\/www.sskb.sk\/2022\/wp-json\/wp\/v2\/media?parent=3357"}],"wp:term":[{"taxonomy":"category","embeddable":true,"href":"https:\/\/www.sskb.sk\/2022\/wp-json\/wp\/v2\/categories?post=3357"},{"taxonomy":"post_tag","embeddable":true,"href":"https:\/\/www.sskb.sk\/2022\/wp-json\/wp\/v2\/tags?post=3357"}],"curies":[{"name":"wp","href":"https:\/\/api.w.org\/{rel}","templated":true}]}}