{"id":3411,"date":"2020-12-14T01:09:00","date_gmt":"2020-12-14T00:09:00","guid":{"rendered":"https:\/\/www.sskb.sk\/2022\/?p=3411"},"modified":"2022-02-16T22:57:54","modified_gmt":"2022-02-16T21:57:54","slug":"3-strategicka-konferencia-eflm-sa-bude-konat-plne-online","status":"publish","type":"post","link":"https:\/\/www.sskb.sk\/2022\/3-strategicka-konferencia-eflm-sa-bude-konat-plne-online\/","title":{"rendered":"3. strategick\u00e1 konferencia EFLM sa bude kona\u0165 plne online"},"content":{"rendered":"\n<p><\/p>\n\n\n\n<p><span style=\"color:#02425e\" class=\"has-inline-color\">V\u00e1\u017een\u00ed prezidenti a n\u00e1rodn\u00ed reprezentanti \u010dlensk\u00fdch spolo\u010dnost\u00ed EFLM,<br>V\u00e1\u017een\u00e9 kolegyne, v\u00e1\u017een\u00ed kolegovia,<\/span><\/p>\n\n\n\n<p><span style=\"color:#02425e\" class=\"has-inline-color\">V\u00fdkonn\u00e1 rada EFLM na svojom poslednom zasadnut\u00ed, ktor\u00e9 sa konalo 7. decembra 2021, prediskutovala a presk\u00famala mo\u017en\u00e9 rie\u0161enia, ako usporiada\u0165 3. strategick\u00fa konferenciu EFLM \u010do najbezpe\u010dnej\u0161ie vo svetle \u0165a\u017ek\u00e9ho obdobia, ktor\u00e9mu v\u0161etci v d\u00f4sledku pand\u00e9mie \u010del\u00edme. \u010clenovia V\u00fdkonn\u00e9ho v\u00fdboru EFLM ch\u00e1pu, \u017ee ni\u010d sa ned\u00e1 porovna\u0165 so z\u00e1\u017eitkom na mieste a uzn\u00e1vaj\u00fa, \u017ee strategick\u00e9 konferencie by mali by\u0165 interakt\u00edvne pre osobnej\u0161iu v\u00fdmenu poznatkov, najnov\u0161\u00edch technologick\u00fdch inov\u00e1ci\u00ed a stretnutia so star\u00fdmi priate\u013emi a nov\u00fdmi kolegami. Glob\u00e1lna pand\u00e9mia je v\u0161ak pretrv\u00e1vaj\u00facou v\u00fdzvou u\u017e takmer dva roky. T\u00e1to ve\u013emi nepredv\u00eddate\u013en\u00e1 situ\u00e1cia m\u00f4\u017ee br\u00e1ni\u0165 fyzickej \u00fa\u010dasti na\u0161ich kolegov, \u00fa\u010dastn\u00edkov a priemyseln\u00fdch partnerov na konferencii a br\u00e1ni\u0165 na\u0161ej schopnosti zaru\u010di\u0165 ich bezpe\u010dnos\u0165 a chr\u00e1ni\u0165 ich zdravie, \u010do bolo v\u017edy na\u0161ou prioritou. Ber\u00fac do \u00favahy najm\u00e4 v\u00fdvoj epidemiologickej situ\u00e1cie v Eur\u00f3pe a vo zvy\u0161ku sveta a \u010fal\u0161ie rizik\u00e1, kone\u010dn\u00e9 rozhodnutie v\u00fdkonnej rady EFLM, podporen\u00e9 jednomyse\u013ene, bolo, \u017ee 3. strategick\u00e1 konferencia EFLM sa bude kona\u0165 plne online koncom m\u00e1ja 2022 v p\u00f4vodne pl\u00e1novanom term\u00edne <strong>27. \u2013 28. m\u00e1ja 2022<\/strong>. Program sa v\u0161ak m\u00f4\u017ee pred\u013a\u017ei\u0165 o nieko\u013eko dn\u00ed s men\u0161\u00edm po\u010dtom hod\u00edn denne, aby sa \u00fa\u010dastn\u00edkom umo\u017enilo pohodlnej\u0161ie sledovanie konferencie a aby sa \u00fa\u010dastn\u00edkom poskytla interakt\u00edvna sie\u0165ov\u00e1 platforma, aby sa mohli zapoji\u0165 do diskusie a otvorene hovori\u0165 o najnov\u0161\u00edch trendoch, v\u00fdzv\u00e1ch a pr\u00edle\u017eitostiach, ktor\u00fdm \u010delia. <\/span><\/p>\n\n\n\n<p><span style=\"color:#02425e\" class=\"has-inline-color\">Prajem V\u00e1m kr\u00e1sne Vianoce a v\u0161etko dobr\u00e9 v roku 2022.<\/span><\/p>\n\n\n\n<p><span style=\"color:#02425e\" class=\"has-inline-color\">S pozdravom <\/span><\/p>\n\n\n\n<p><span style=\"color:#02425e\" class=\"has-inline-color\">Prof. Tomris OZBEN<br>Predsedn\u00ed\u010dka konferencie a zvolen\u00e1 prezidentka EFLM<\/span><\/p>\n","protected":false},"excerpt":{"rendered":"<p>V\u00e1\u017een\u00ed prezidenti a n\u00e1rodn\u00ed reprezentanti \u010dlensk\u00fdch spolo\u010dnost\u00ed EFLM,V\u00e1\u017een\u00e9 kolegyne, v\u00e1\u017een\u00ed kolegovia, V\u00fdkonn\u00e1 rada EFLM na svojom poslednom zasadnut\u00ed, ktor\u00e9 sa konalo 7. decembra 2021, prediskutovala a presk\u00famala mo\u017en\u00e9 rie\u0161enia, ako usporiada\u0165 3. strategick\u00fa konferenciu EFLM \u010do najbezpe\u010dnej\u0161ie vo svetle \u0165a\u017ek\u00e9ho obdobia, ktor\u00e9mu v\u0161etci v d\u00f4sledku pand\u00e9mie \u010del\u00edme. \u010clenovia V\u00fdkonn\u00e9ho v\u00fdboru EFLM ch\u00e1pu, \u017ee ni\u010d sa [&hellip;]<\/p>\n","protected":false},"author":6,"featured_media":0,"comment_status":"closed","ping_status":"open","sticky":false,"template":"","format":"standard","meta":{"footnotes":""},"categories":[8],"tags":[],"class_list":["post-3411","post","type-post","status-publish","format-standard","hentry","category-informacie-z-eflm-a-ifcc"],"yoast_head":"<!-- This site is optimized with the Yoast SEO plugin v27.4 - https:\/\/yoast.com\/product\/yoast-seo-wordpress\/ -->\n<title>3. strategick\u00e1 konferencia EFLM sa bude kona\u0165 plne online - SSKB SLS<\/title>\n<meta name=\"robots\" content=\"index, follow, max-snippet:-1, max-image-preview:large, max-video-preview:-1\" \/>\n<link rel=\"canonical\" href=\"https:\/\/www.sskb.sk\/2022\/3-strategicka-konferencia-eflm-sa-bude-konat-plne-online\/\" \/>\n<meta property=\"og:locale\" content=\"sk_SK\" \/>\n<meta property=\"og:type\" content=\"article\" \/>\n<meta property=\"og:title\" content=\"3. strategick\u00e1 konferencia EFLM sa bude kona\u0165 plne online - SSKB SLS\" \/>\n<meta property=\"og:description\" content=\"V\u00e1\u017een\u00ed prezidenti a n\u00e1rodn\u00ed reprezentanti \u010dlensk\u00fdch spolo\u010dnost\u00ed EFLM,V\u00e1\u017een\u00e9 kolegyne, v\u00e1\u017een\u00ed kolegovia, V\u00fdkonn\u00e1 rada EFLM na svojom poslednom zasadnut\u00ed, ktor\u00e9 sa konalo 7. decembra 2021, prediskutovala a presk\u00famala mo\u017en\u00e9 rie\u0161enia, ako usporiada\u0165 3. strategick\u00fa konferenciu EFLM \u010do najbezpe\u010dnej\u0161ie vo svetle \u0165a\u017ek\u00e9ho obdobia, ktor\u00e9mu v\u0161etci v d\u00f4sledku pand\u00e9mie \u010del\u00edme. \u010clenovia V\u00fdkonn\u00e9ho v\u00fdboru EFLM ch\u00e1pu, \u017ee ni\u010d sa [&hellip;]\" \/>\n<meta property=\"og:url\" content=\"https:\/\/www.sskb.sk\/2022\/3-strategicka-konferencia-eflm-sa-bude-konat-plne-online\/\" \/>\n<meta property=\"og:site_name\" content=\"SSKB SLS\" \/>\n<meta property=\"article:published_time\" content=\"2020-12-14T00:09:00+00:00\" \/>\n<meta property=\"article:modified_time\" content=\"2022-02-16T21:57:54+00:00\" \/>\n<meta name=\"author\" content=\"J\u00e1n Balla\" \/>\n<meta name=\"twitter:card\" content=\"summary_large_image\" \/>\n<meta name=\"twitter:label1\" content=\"Autor\" \/>\n\t<meta name=\"twitter:data1\" content=\"J\u00e1n Balla\" \/>\n\t<meta name=\"twitter:label2\" content=\"Predpokladan\u00fd \u010das \u010d\u00edtania\" \/>\n\t<meta name=\"twitter:data2\" content=\"2 min\u00faty\" \/>\n<script type=\"application\/ld+json\" class=\"yoast-schema-graph\">{\"@context\":\"https:\\\/\\\/schema.org\",\"@graph\":[{\"@type\":\"Article\",\"@id\":\"https:\\\/\\\/www.sskb.sk\\\/2022\\\/3-strategicka-konferencia-eflm-sa-bude-konat-plne-online\\\/#article\",\"isPartOf\":{\"@id\":\"https:\\\/\\\/www.sskb.sk\\\/2022\\\/3-strategicka-konferencia-eflm-sa-bude-konat-plne-online\\\/\"},\"author\":{\"name\":\"J\u00e1n Balla\",\"@id\":\"https:\\\/\\\/www.sskb.sk\\\/2022\\\/#\\\/schema\\\/person\\\/9e78ad8c062b09f751f66cbe1d1cd85d\"},\"headline\":\"3. strategick\u00e1 konferencia EFLM sa bude kona\u0165 plne online\",\"datePublished\":\"2020-12-14T00:09:00+00:00\",\"dateModified\":\"2022-02-16T21:57:54+00:00\",\"mainEntityOfPage\":{\"@id\":\"https:\\\/\\\/www.sskb.sk\\\/2022\\\/3-strategicka-konferencia-eflm-sa-bude-konat-plne-online\\\/\"},\"wordCount\":331,\"publisher\":{\"@id\":\"https:\\\/\\\/www.sskb.sk\\\/2022\\\/#organization\"},\"articleSection\":[\"Info z EFLM a IFCC\"],\"inLanguage\":\"sk-SK\"},{\"@type\":\"WebPage\",\"@id\":\"https:\\\/\\\/www.sskb.sk\\\/2022\\\/3-strategicka-konferencia-eflm-sa-bude-konat-plne-online\\\/\",\"url\":\"https:\\\/\\\/www.sskb.sk\\\/2022\\\/3-strategicka-konferencia-eflm-sa-bude-konat-plne-online\\\/\",\"name\":\"3. strategick\u00e1 konferencia EFLM sa bude kona\u0165 plne online - SSKB SLS\",\"isPartOf\":{\"@id\":\"https:\\\/\\\/www.sskb.sk\\\/2022\\\/#website\"},\"datePublished\":\"2020-12-14T00:09:00+00:00\",\"dateModified\":\"2022-02-16T21:57:54+00:00\",\"breadcrumb\":{\"@id\":\"https:\\\/\\\/www.sskb.sk\\\/2022\\\/3-strategicka-konferencia-eflm-sa-bude-konat-plne-online\\\/#breadcrumb\"},\"inLanguage\":\"sk-SK\",\"potentialAction\":[{\"@type\":\"ReadAction\",\"target\":[\"https:\\\/\\\/www.sskb.sk\\\/2022\\\/3-strategicka-konferencia-eflm-sa-bude-konat-plne-online\\\/\"]}]},{\"@type\":\"BreadcrumbList\",\"@id\":\"https:\\\/\\\/www.sskb.sk\\\/2022\\\/3-strategicka-konferencia-eflm-sa-bude-konat-plne-online\\\/#breadcrumb\",\"itemListElement\":[{\"@type\":\"ListItem\",\"position\":1,\"name\":\"Domovsk\u00e1 str\u00e1nka\",\"item\":\"https:\\\/\\\/www.sskb.sk\\\/2022\\\/\"},{\"@type\":\"ListItem\",\"position\":2,\"name\":\"3. strategick\u00e1 konferencia EFLM sa bude kona\u0165 plne online\"}]},{\"@type\":\"WebSite\",\"@id\":\"https:\\\/\\\/www.sskb.sk\\\/2022\\\/#website\",\"url\":\"https:\\\/\\\/www.sskb.sk\\\/2022\\\/\",\"name\":\"SSKB SLS\",\"description\":\"Slovensk\u00e1 spolo\u010dnos\u0165 klinickej bioch\u00e9mie\",\"publisher\":{\"@id\":\"https:\\\/\\\/www.sskb.sk\\\/2022\\\/#organization\"},\"potentialAction\":[{\"@type\":\"SearchAction\",\"target\":{\"@type\":\"EntryPoint\",\"urlTemplate\":\"https:\\\/\\\/www.sskb.sk\\\/2022\\\/?s={search_term_string}\"},\"query-input\":{\"@type\":\"PropertyValueSpecification\",\"valueRequired\":true,\"valueName\":\"search_term_string\"}}],\"inLanguage\":\"sk-SK\"},{\"@type\":\"Organization\",\"@id\":\"https:\\\/\\\/www.sskb.sk\\\/2022\\\/#organization\",\"name\":\"SSKB SLS\",\"url\":\"https:\\\/\\\/www.sskb.sk\\\/2022\\\/\",\"logo\":{\"@type\":\"ImageObject\",\"inLanguage\":\"sk-SK\",\"@id\":\"https:\\\/\\\/www.sskb.sk\\\/2022\\\/#\\\/schema\\\/logo\\\/image\\\/\",\"url\":\"https:\\\/\\\/www.sskb.sk\\\/2022\\\/wp-content\\\/uploads\\\/2022\\\/09\\\/logo_klinicka-biochemia_SK-100.png\",\"contentUrl\":\"https:\\\/\\\/www.sskb.sk\\\/2022\\\/wp-content\\\/uploads\\\/2022\\\/09\\\/logo_klinicka-biochemia_SK-100.png\",\"width\":100,\"height\":98,\"caption\":\"SSKB SLS\"},\"image\":{\"@id\":\"https:\\\/\\\/www.sskb.sk\\\/2022\\\/#\\\/schema\\\/logo\\\/image\\\/\"}},{\"@type\":\"Person\",\"@id\":\"https:\\\/\\\/www.sskb.sk\\\/2022\\\/#\\\/schema\\\/person\\\/9e78ad8c062b09f751f66cbe1d1cd85d\",\"name\":\"J\u00e1n Balla\",\"url\":\"https:\\\/\\\/www.sskb.sk\\\/2022\\\/author\\\/balla\\\/\"}]}<\/script>\n<!-- \/ Yoast SEO plugin. -->","yoast_head_json":{"title":"3. strategick\u00e1 konferencia EFLM sa bude kona\u0165 plne online - SSKB SLS","robots":{"index":"index","follow":"follow","max-snippet":"max-snippet:-1","max-image-preview":"max-image-preview:large","max-video-preview":"max-video-preview:-1"},"canonical":"https:\/\/www.sskb.sk\/2022\/3-strategicka-konferencia-eflm-sa-bude-konat-plne-online\/","og_locale":"sk_SK","og_type":"article","og_title":"3. strategick\u00e1 konferencia EFLM sa bude kona\u0165 plne online - SSKB SLS","og_description":"V\u00e1\u017een\u00ed prezidenti a n\u00e1rodn\u00ed reprezentanti \u010dlensk\u00fdch spolo\u010dnost\u00ed EFLM,V\u00e1\u017een\u00e9 kolegyne, v\u00e1\u017een\u00ed kolegovia, V\u00fdkonn\u00e1 rada EFLM na svojom poslednom zasadnut\u00ed, ktor\u00e9 sa konalo 7. decembra 2021, prediskutovala a presk\u00famala mo\u017en\u00e9 rie\u0161enia, ako usporiada\u0165 3. strategick\u00fa konferenciu EFLM \u010do najbezpe\u010dnej\u0161ie vo svetle \u0165a\u017ek\u00e9ho obdobia, ktor\u00e9mu v\u0161etci v d\u00f4sledku pand\u00e9mie \u010del\u00edme. \u010clenovia V\u00fdkonn\u00e9ho v\u00fdboru EFLM ch\u00e1pu, \u017ee ni\u010d sa [&hellip;]","og_url":"https:\/\/www.sskb.sk\/2022\/3-strategicka-konferencia-eflm-sa-bude-konat-plne-online\/","og_site_name":"SSKB SLS","article_published_time":"2020-12-14T00:09:00+00:00","article_modified_time":"2022-02-16T21:57:54+00:00","author":"J\u00e1n Balla","twitter_card":"summary_large_image","twitter_misc":{"Autor":"J\u00e1n Balla","Predpokladan\u00fd \u010das \u010d\u00edtania":"2 min\u00faty"},"schema":{"@context":"https:\/\/schema.org","@graph":[{"@type":"Article","@id":"https:\/\/www.sskb.sk\/2022\/3-strategicka-konferencia-eflm-sa-bude-konat-plne-online\/#article","isPartOf":{"@id":"https:\/\/www.sskb.sk\/2022\/3-strategicka-konferencia-eflm-sa-bude-konat-plne-online\/"},"author":{"name":"J\u00e1n Balla","@id":"https:\/\/www.sskb.sk\/2022\/#\/schema\/person\/9e78ad8c062b09f751f66cbe1d1cd85d"},"headline":"3. strategick\u00e1 konferencia EFLM sa bude kona\u0165 plne online","datePublished":"2020-12-14T00:09:00+00:00","dateModified":"2022-02-16T21:57:54+00:00","mainEntityOfPage":{"@id":"https:\/\/www.sskb.sk\/2022\/3-strategicka-konferencia-eflm-sa-bude-konat-plne-online\/"},"wordCount":331,"publisher":{"@id":"https:\/\/www.sskb.sk\/2022\/#organization"},"articleSection":["Info z EFLM a IFCC"],"inLanguage":"sk-SK"},{"@type":"WebPage","@id":"https:\/\/www.sskb.sk\/2022\/3-strategicka-konferencia-eflm-sa-bude-konat-plne-online\/","url":"https:\/\/www.sskb.sk\/2022\/3-strategicka-konferencia-eflm-sa-bude-konat-plne-online\/","name":"3. strategick\u00e1 konferencia EFLM sa bude kona\u0165 plne online - SSKB SLS","isPartOf":{"@id":"https:\/\/www.sskb.sk\/2022\/#website"},"datePublished":"2020-12-14T00:09:00+00:00","dateModified":"2022-02-16T21:57:54+00:00","breadcrumb":{"@id":"https:\/\/www.sskb.sk\/2022\/3-strategicka-konferencia-eflm-sa-bude-konat-plne-online\/#breadcrumb"},"inLanguage":"sk-SK","potentialAction":[{"@type":"ReadAction","target":["https:\/\/www.sskb.sk\/2022\/3-strategicka-konferencia-eflm-sa-bude-konat-plne-online\/"]}]},{"@type":"BreadcrumbList","@id":"https:\/\/www.sskb.sk\/2022\/3-strategicka-konferencia-eflm-sa-bude-konat-plne-online\/#breadcrumb","itemListElement":[{"@type":"ListItem","position":1,"name":"Domovsk\u00e1 str\u00e1nka","item":"https:\/\/www.sskb.sk\/2022\/"},{"@type":"ListItem","position":2,"name":"3. strategick\u00e1 konferencia EFLM sa bude kona\u0165 plne online"}]},{"@type":"WebSite","@id":"https:\/\/www.sskb.sk\/2022\/#website","url":"https:\/\/www.sskb.sk\/2022\/","name":"SSKB SLS","description":"Slovensk\u00e1 spolo\u010dnos\u0165 klinickej bioch\u00e9mie","publisher":{"@id":"https:\/\/www.sskb.sk\/2022\/#organization"},"potentialAction":[{"@type":"SearchAction","target":{"@type":"EntryPoint","urlTemplate":"https:\/\/www.sskb.sk\/2022\/?s={search_term_string}"},"query-input":{"@type":"PropertyValueSpecification","valueRequired":true,"valueName":"search_term_string"}}],"inLanguage":"sk-SK"},{"@type":"Organization","@id":"https:\/\/www.sskb.sk\/2022\/#organization","name":"SSKB SLS","url":"https:\/\/www.sskb.sk\/2022\/","logo":{"@type":"ImageObject","inLanguage":"sk-SK","@id":"https:\/\/www.sskb.sk\/2022\/#\/schema\/logo\/image\/","url":"https:\/\/www.sskb.sk\/2022\/wp-content\/uploads\/2022\/09\/logo_klinicka-biochemia_SK-100.png","contentUrl":"https:\/\/www.sskb.sk\/2022\/wp-content\/uploads\/2022\/09\/logo_klinicka-biochemia_SK-100.png","width":100,"height":98,"caption":"SSKB SLS"},"image":{"@id":"https:\/\/www.sskb.sk\/2022\/#\/schema\/logo\/image\/"}},{"@type":"Person","@id":"https:\/\/www.sskb.sk\/2022\/#\/schema\/person\/9e78ad8c062b09f751f66cbe1d1cd85d","name":"J\u00e1n Balla","url":"https:\/\/www.sskb.sk\/2022\/author\/balla\/"}]}},"_links":{"self":[{"href":"https:\/\/www.sskb.sk\/2022\/wp-json\/wp\/v2\/posts\/3411","targetHints":{"allow":["GET"]}}],"collection":[{"href":"https:\/\/www.sskb.sk\/2022\/wp-json\/wp\/v2\/posts"}],"about":[{"href":"https:\/\/www.sskb.sk\/2022\/wp-json\/wp\/v2\/types\/post"}],"author":[{"embeddable":true,"href":"https:\/\/www.sskb.sk\/2022\/wp-json\/wp\/v2\/users\/6"}],"replies":[{"embeddable":true,"href":"https:\/\/www.sskb.sk\/2022\/wp-json\/wp\/v2\/comments?post=3411"}],"version-history":[{"count":2,"href":"https:\/\/www.sskb.sk\/2022\/wp-json\/wp\/v2\/posts\/3411\/revisions"}],"predecessor-version":[{"id":3413,"href":"https:\/\/www.sskb.sk\/2022\/wp-json\/wp\/v2\/posts\/3411\/revisions\/3413"}],"wp:attachment":[{"href":"https:\/\/www.sskb.sk\/2022\/wp-json\/wp\/v2\/media?parent=3411"}],"wp:term":[{"taxonomy":"category","embeddable":true,"href":"https:\/\/www.sskb.sk\/2022\/wp-json\/wp\/v2\/categories?post=3411"},{"taxonomy":"post_tag","embeddable":true,"href":"https:\/\/www.sskb.sk\/2022\/wp-json\/wp\/v2\/tags?post=3411"}],"curies":[{"name":"wp","href":"https:\/\/api.w.org\/{rel}","templated":true}]}}