{"id":3447,"date":"2022-01-11T22:12:55","date_gmt":"2022-01-11T21:12:55","guid":{"rendered":"https:\/\/www.sskb.sk\/2022\/?p=3447"},"modified":"2022-01-11T22:12:56","modified_gmt":"2022-01-11T21:12:56","slug":"prihovor-novej-prezidentky-eflm","status":"publish","type":"post","link":"https:\/\/www.sskb.sk\/2022\/prihovor-novej-prezidentky-eflm\/","title":{"rendered":"Pr\u00edhovor novej prezidentky EFLM"},"content":{"rendered":"\n<div class=\"wp-block-image\"><figure class=\"alignleft size-large is-resized\"><img decoding=\"async\" src=\"https:\/\/www.eflm.eu\/upload\/images\/Ozben-2022.png\" alt=\"\" width=\"93\" height=\"121\" \/><\/figure><\/div>\n\n\n\n<h4 class=\"wp-block-heading\"><span style=\"color:#0b0491\" class=\"has-inline-color\">V\u00e1\u017een\u00ed kolegovia a priatelia,<\/span><\/h4>\n\n\n\n<p><span style=\"color:#0b0491\" class=\"has-inline-color\">Je pre m\u0148a ve\u013ekou c\u0165ou a privil\u00e9giom za\u010da\u0165 sl\u00fa\u017ei\u0165 komunite EFLM ako predsedn\u00ed\u010dka V\u00fdkonnej rady EFLM. Som pripraven\u00e1 prevzia\u0165 ved\u00facu \u00falohu a spolu s \u010fal\u0161\u00edmi, rovnako motivovan\u00fdmi \u010dlenmi V\u00fdkonnej rady a predstavite\u013emi EFLM,  budeme stava\u0165 na pevn\u00fdch z\u00e1kladoch, na ktor\u00fdch je zalo\u017een\u00e1 feder\u00e1cia a\u00a0vytv\u00e1ra\u0165 nov\u00e9 pr\u00edle\u017eitost\u00ed a strat\u00e9gie, ktor\u00fdmi m\u00f4\u017ee laborat\u00f3rna medic\u00edna ovplyvni\u0165 starostlivos\u0165 o pacienta. Som plne odhodlan\u00e1 postara\u0165 sa, aby EFLM zostala ved\u00facou organiz\u00e1ciou zastupuj\u00facou laborat\u00f3rnu medic\u00ednu v Eur\u00f3pe.<\/span><\/p>\n\n\n\n<p><span style=\"color:#0b0491\" class=\"has-inline-color\">Rada by som vyjadrila po\u010fakovanie b\u00fdval\u00fdm prezidentom EFLM, \u010dlenom V\u00fdkonnej rady a funkcion\u00e1rom funk\u010dn\u00fdch jednotiek (komisie a pracovn\u00e9 skupiny, pozn\u00e1mka prekladate\u013ea) za ich dobrovo\u013en\u00e9 slu\u017eby, pr\u00edspevky, znalosti a nad\u0161enie pri budovan\u00ed silnej a neust\u00e1le rast\u00facej feder\u00e1cie, ktor\u00e1 sl\u00fa\u017ei svojim \u010dlenom a zais\u0165uje ved\u00face postavenie v laborat\u00f3rnej medic\u00edne na eur\u00f3pskej \u00farovni aj mimo nej. Na ich pr\u00edspevky budeme v\u017edy spom\u00edna\u0165 s ve\u013ek\u00fdm uznan\u00edm a re\u0161pektom.<\/span><\/p>\n\n\n\n<p><span style=\"color:#0b0491\" class=\"has-inline-color\">Rada by som vyjadrila na\u0161u v\u010faku odch\u00e1dzaj\u00facim \u010dlenom v\u00fdkonnej rady EFLM, <strong>prof. Michaelovi Neumaierovi<\/strong> a <strong>prof. Giuseppe Lippimu<\/strong> za ich vynikaj\u00faci pr\u00ednos do EFLM v posledn\u00fdch rokoch. Hoci nebud\u00fa v novom predstavenstve, sme presved\u010den\u00ed, \u017ee ich z\u00e1ujem a pr\u00ednos do EFLM bude pokra\u010dova\u0165; budeme \u00fazko spolupracova\u0165, aby sme \u0165a\u017eili z ich dlhoro\u010dn\u00fdch sk\u00fasenost\u00ed a znalost\u00ed.<\/span><\/p>\n\n\n\n<p><span style=\"color:#0b0491\" class=\"has-inline-color\">Rada by som po\u010fakovala a zablaho\u017eelala <strong>profesorke<\/strong> <strong>Ana Marii \u0160imundi\u0107ovej <\/strong>za jej vynikaj\u00facu pr\u00e1cu, pr\u00edspevok, pr\u00ednos, v\u00edziu, n\u00e1pady, znalosti, transparentnos\u0165 a\u00a0vedenie po\u010das jej predsedn\u00edctva, ktor\u00e9 motivovalo a povzbudilo pracovn\u00edkov a \u010dlenov predstavenstva EFLM, aby sa zapojili do t\u00edmovej pr\u00e1ce na nieko\u013ek\u00fdch projektoch EFLM. Profesorka Ana Maria \u0160imundi\u010dov\u00e1 ost\u00e1va ako predo\u0161l\u00e1 prezidentka EFLM aj v\u00a0novej V\u00fdkonnej rade EFLM, \u010do n\u00e1m poskytne pr\u00edle\u017eitos\u0165 \u0165a\u017ei\u0165 z jej skvel\u00fdch znalost\u00ed EFLM a jej n\u00e1padov. Blaho\u017eel\u00e1m a srde\u010dne v\u00edtam aj novo zvolen\u00e9ho prezidenta EFLM, <strong>profesora Maria Plebaniho <\/strong>a nov\u00fa vedeck\u00fa sekrtet\u00e1rku EFLM, <strong>Dr. Sne\u017eanu Jovi\u010di\u0107ov\u00fa.<\/strong><\/span><\/p>\n\n\n\n<p><span style=\"color:#0b0491\" class=\"has-inline-color\">V posledn\u00fdch rokoch sa aktivity EFLM neust\u00e1le zvy\u0161uj\u00fa. \u010cinnos\u0165 EFLM a\u00a0jej pr\u00edspevok k zlep\u0161eniu laborat\u00f3rnej medic\u00edny s\u00fa v\u00fdznamn\u00e9 a \u0161iroko uzn\u00e1van\u00e9. Tento v\u00fdnimo\u010dn\u00fd \u00faspech EFLM bol dosiahnut\u00fd dobrovo\u013enou slu\u017ebou, \u00fasil\u00edm a \u010dasom viac ako 200 laborat\u00f3rnych vedcov z \u010dlensk\u00fdch spolo\u010dnost\u00ed pracuj\u00facich <\/span>v<span style=\"color:#0b0491\" class=\"has-inline-color\"> r\u00f4znych funk\u010dn\u00fdch jednotk\u00e1ch EFLM. \u010eakujeme predstavite\u013eom EFLM a \u010dlensk\u00fdm spolo\u010dnostiam, ktor\u00e9 podporovali EFLM v priebehu rokov. Ich neust\u00e1ly pr\u00ednos a lojalita umo\u017enili splnenie mnoh\u00fdch \u00faloh a projektov EFLM.<\/span><\/p>\n\n\n\n<p><span style=\"color:#0b0491\" class=\"has-inline-color\">EFLM potrebuje oddan\u00fd a profesion\u00e1lny mana\u017ement. Prezident a \u010dlenovia V\u00fdkonnej rady a funkcion\u00e1ri funk\u010dn\u00fdch jednotiek musia venova\u0165 odhodlanie a \u010das nielen udr\u017eiava\u0165, ale aj zlep\u0161ova\u0165 funkcie a \u010dinnosti EFLM, ktor\u00e9 v\u00fdrazne prispievaj\u00fa k pokroku laborat\u00f3rnej medic\u00edny a rozvoju jej odborn\u00edkov.\u00a0 Nov\u00e1 V\u00fdkonn\u00e1 rada posunie vlajku EFLM \u010falej, pri\u010dom zachov\u00e1 predch\u00e1dzaj\u00face aktivity a rozvinie nov\u00e9 projekty s\u00a0odbornou zdatnos\u0165ou, znalos\u0165ami a nov\u00fdmi n\u00e1padmi \u010dlenov a predstavite\u013eov V\u00fdkonnej rady EFLM, ktor\u00ed nad\u0161ene pracuj\u00fa v r\u00f4znych funk\u010dn\u00fdch jednotk\u00e1ch.<\/span><\/p>\n\n\n\n<p><span style=\"color:#0b0491\" class=\"has-inline-color\">V\u00fdkonn\u00e1 rada EFLM s rados\u0165ou pr\u00edjme n\u00e1pady, pripomienky, n\u00e1vrhy aj s\u0165a\u017enosti n\u00e1rodn\u00fdch spolo\u010dnost\u00ed a priemyseln\u00fdch partnerov IVD a poz\u00fdva ich, aby sa akt\u00edvne pripojili k EFLM v jeho \u00fasil\u00ed, aby spolupracovali a posilnili ved\u00facu \u00falohu EFLM v pokrok v laborat\u00f3rnej medic\u00edne, ako aj pri zlep\u0161ovan\u00ed kvality zdravotnej starostlivosti a\u00a0medic\u00ednskych laborat\u00f3ri\u00ed v Eur\u00f3pe. Na\u0161e spolo\u010dn\u00e9 ciele m\u00f4\u017eeme dosiahnu\u0165 len prostredn\u00edctvom na\u0161ej spolupr\u00e1ce a \u00fasilia.<\/span><\/p>\n\n\n\n<p><span style=\"color:#0b0491\" class=\"has-inline-color\">Rada by som spomenula niektor\u00e9 aktivity a projekty EFLM, ktor\u00e9 sa bud\u00fa rozv\u00edja\u0165 v nasleduj\u00facich rokoch.<\/span><\/p>\n\n\n\n<ul class=\"wp-block-list\"><li><span style=\"color:#0b0491\" class=\"has-inline-color\">Te\u0161\u00edme sa na v\u00e1\u0161 ve\u013ek\u00fd z\u00e1ujem a \u00fa\u010das\u0165 na <strong><a href=\"https:\/\/www.eflm.eu\/upload\/strategic2022.pdf\" target=\"_blank\" rel=\"noreferrer noopener\">3. strategickej konferencii EFLM<\/a><\/strong>, ktor\u00e1 bude jedine\u010dnou pr\u00edle\u017eitos\u0165ou spozna\u0165, pochopi\u0165, p\u00fdta\u0165 sa a podie\u013ea\u0165 sa na orient\u00e1cii laborat\u00f3rnej medic\u00edny v Eur\u00f3pe so zameran\u00edm na priority a ciele do bud\u00facich rokov. S\u00e9ria strategick\u00fdch konferenci\u00ed EFLM m\u00e1 za cie\u013e rie\u0161i\u0165 a diskutova\u0165 o najnov\u0161om v\u00fdvoji a v\u00fdzvach v na\u0161ej profesii, laborat\u00f3rnej medic\u00edne. V\u0161eobecn\u00fd cie\u013e tejto konferencie sa zameria na d\u00f4le\u017eit\u00e9 aspekty laborat\u00f3rnej medic\u00edny, v ktor\u00fdch by sa mali identifikova\u0165 a ods\u00fahlasi\u0165 \u010fal\u0161ie strategick\u00e9 \u010dinnosti a opatrenia. 3. strategick\u00e1 konferencia EFLM sa nebude kona\u0165 v tradi\u010dnom prezen\u010dnom form\u00e1te z d\u00f4vodu ve\u013emi nepredv\u00eddate\u013enej pandemickej situ\u00e1cie COVID, ktor\u00e1 m\u00f4\u017ee br\u00e1ni\u0165 fyzickej \u00fa\u010dasti na\u0161ich kolegov, \u00fa\u010dastn\u00edkov a priemyseln\u00fdch partnerov na konferencii a br\u00e1ni\u0165 na\u0161ej schopnosti zaru\u010di\u0165 ich bezpe\u010dnos\u0165, ochranu a ich zdravie, ktor\u00e9 bolo v\u017edy na\u0161ou prioritou. Preto sa 3. strategick\u00e1 konferencia EFLM bude kona\u0165 plne online (virtu\u00e1lne) <strong>25. \u2013 27. m\u00e1ja 2022<\/strong> s vyu\u017eit\u00edm najmodernej\u0161\u00edch technick\u00fdch rie\u0161en\u00ed vr\u00e1tane virtu\u00e1lnych v\u00fdstavn\u00fdch st\u00e1nkov umo\u017e\u0148uj\u00facich \u010detovanie a videokonferencie medzi \u00fa\u010dastn\u00edkmi a z\u00e1stupcami st\u00e1nku.<\/span><\/li><\/ul>\n\n\n\n<ul class=\"wp-block-list\"><li><span style=\"color:#0b0491\" class=\"has-inline-color\">EFLM s hrdos\u0165ou oznamuje ned\u00e1vne zalo\u017eenie pracovnej skupiny<\/span><span style=\"color:#025c08\" class=\"has-inline-color\"> <\/span><strong><a rel=\"noreferrer noopener\" href=\"https:\/\/www.eflm.eu\/upload\/docs\/Leaflet-EFLM-TF-GREEN-LABS.pdf\" target=\"_blank\"><span style=\"color:#0ba210\" class=\"has-inline-color\">EFLM Task-Force Green Labs<\/span><\/a><\/strong><span style=\"color:#0b0491\" class=\"has-inline-color\">, ktorej cie\u013eom je vypracova\u0165 usmernenia, krit\u00e9ri\u00e1 a k\u013e\u00fa\u010dov\u00e9 odpor\u00fa\u010dania pre udr\u017eate\u013en\u00e9 postupy v klinick\u00fdch laborat\u00f3ri\u00e1ch (Green Lab Guide) a implementova\u0165 syst\u00e9m, ktor\u00fd bude vies\u0165 eur\u00f3pske laborat\u00f3ri\u00e1 smerom na prechod k \u201ezelen\u00fdm laborat\u00f3ri\u00e1m\u201e a na monitorovanie ich stavu v priebehu rokov vyd\u00e1van\u00edm ro\u010dn\u00e9ho EFLM Certifik\u00e1tu Green Labs.<\/span><\/li><\/ul>\n\n\n\n<ul class=\"wp-block-list\"><li><span style=\"color:#0b0491\" class=\"has-inline-color\">Kancel\u00e1ria EFLM bude posilnen\u00e1 a od janu\u00e1ra 2022 sa po\u010det zamestnancov kancel\u00e1rie zamestnan\u00fdch v EFLM zv\u00fd\u0161i.<\/span><\/li><\/ul>\n\n\n\n<ul class=\"wp-block-list\"><li><span style=\"color:#0b0491\" class=\"has-inline-color\">Nov\u00e9 revidovan\u00e9 smernice EuroMedLab schv\u00e1len\u00e9 v\u00fdkonn\u00fdmi radami EFLM a IFCC bud\u00fa \u00fa\u010dinn\u00e9 od roku 2025, \u010do povedie k posilneniu finan\u010dnej situ\u00e1cie EFLM, poskytne finan\u010dn\u00fa stabilitu a robustnos\u0165 pr\u00edjmov a zdrav\u00fa rovnov\u00e1hu medzi pr\u00edjmami a v\u00fddavkami.<\/span><\/li><\/ul>\n\n\n\n<p><span style=\"color:#0b0491\" class=\"has-inline-color\">Te\u0161\u00edm sa na plodn\u00fa spolupr\u00e1cu a budovanie efekt\u00edvnych mostov s n\u00e1rodn\u00fdmi spolo\u010dnos\u0165ami EFLM v prebiehaj\u00facich a bud\u00facich aktivit\u00e1ch EFLM.<\/span><\/p>\n\n\n\n<p><span style=\"color:#0b0491\" class=\"has-inline-color\">So srde\u010dn\u00fdm \u00a0pozdravom,<\/span><\/p>\n\n\n\n<p><span style=\"color:#0b0491\" class=\"has-inline-color\">Profesorka Tomris Ozbenov\u00e1<\/span><\/p>\n\n\n\n<p><span style=\"color:#2206e5\" class=\"has-inline-color\"><strong><a href=\"https:\/\/mail.google.com\/mail\/u\/1?ui=2&amp;ik=bdfbe8b321&amp;attid=0.1&amp;permmsgid=msg-f:1721114464130737001&amp;th=17e2a07c7c4ca369&amp;view=att&amp;disp=inline\" target=\"_blank\" rel=\"noreferrer noopener\">P\u00f4vodn\u00e9 znenie pr\u00edhovoru si m\u00f4\u017eete stiahnu\u0165 TU<\/a><\/strong><\/span><\/p>\n","protected":false},"excerpt":{"rendered":"<p>V\u00e1\u017een\u00ed kolegovia a priatelia, Je pre m\u0148a ve\u013ekou c\u0165ou a privil\u00e9giom za\u010da\u0165 sl\u00fa\u017ei\u0165 komunite EFLM ako predsedn\u00ed\u010dka V\u00fdkonnej rady EFLM. Som pripraven\u00e1 prevzia\u0165 ved\u00facu \u00falohu a spolu s \u010fal\u0161\u00edmi, rovnako motivovan\u00fdmi \u010dlenmi V\u00fdkonnej rady a predstavite\u013emi EFLM, budeme stava\u0165 na pevn\u00fdch z\u00e1kladoch, na ktor\u00fdch je zalo\u017een\u00e1 feder\u00e1cia a\u00a0vytv\u00e1ra\u0165 nov\u00e9 pr\u00edle\u017eitost\u00ed a strat\u00e9gie, ktor\u00fdmi m\u00f4\u017ee laborat\u00f3rna [&hellip;]<\/p>\n","protected":false},"author":6,"featured_media":0,"comment_status":"closed","ping_status":"open","sticky":false,"template":"","format":"standard","meta":{"footnotes":""},"categories":[8],"tags":[],"class_list":["post-3447","post","type-post","status-publish","format-standard","hentry","category-informacie-z-eflm-a-ifcc"],"yoast_head":"<!-- This site is optimized with the Yoast SEO plugin v27.4 - https:\/\/yoast.com\/product\/yoast-seo-wordpress\/ -->\n<title>Pr\u00edhovor novej prezidentky EFLM - SSKB SLS<\/title>\n<meta name=\"robots\" content=\"index, follow, max-snippet:-1, max-image-preview:large, max-video-preview:-1\" \/>\n<link rel=\"canonical\" href=\"https:\/\/www.sskb.sk\/2022\/prihovor-novej-prezidentky-eflm\/\" \/>\n<meta property=\"og:locale\" content=\"sk_SK\" \/>\n<meta property=\"og:type\" content=\"article\" \/>\n<meta property=\"og:title\" content=\"Pr\u00edhovor novej prezidentky EFLM - SSKB SLS\" \/>\n<meta property=\"og:description\" content=\"V\u00e1\u017een\u00ed kolegovia a priatelia, Je pre m\u0148a ve\u013ekou c\u0165ou a privil\u00e9giom za\u010da\u0165 sl\u00fa\u017ei\u0165 komunite EFLM ako predsedn\u00ed\u010dka V\u00fdkonnej rady EFLM. Som pripraven\u00e1 prevzia\u0165 ved\u00facu \u00falohu a spolu s \u010fal\u0161\u00edmi, rovnako motivovan\u00fdmi \u010dlenmi V\u00fdkonnej rady a predstavite\u013emi EFLM, budeme stava\u0165 na pevn\u00fdch z\u00e1kladoch, na ktor\u00fdch je zalo\u017een\u00e1 feder\u00e1cia a\u00a0vytv\u00e1ra\u0165 nov\u00e9 pr\u00edle\u017eitost\u00ed a strat\u00e9gie, ktor\u00fdmi m\u00f4\u017ee laborat\u00f3rna [&hellip;]\" \/>\n<meta property=\"og:url\" content=\"https:\/\/www.sskb.sk\/2022\/prihovor-novej-prezidentky-eflm\/\" \/>\n<meta property=\"og:site_name\" content=\"SSKB SLS\" \/>\n<meta property=\"article:published_time\" content=\"2022-01-11T21:12:55+00:00\" \/>\n<meta property=\"article:modified_time\" content=\"2022-01-11T21:12:56+00:00\" \/>\n<meta property=\"og:image\" content=\"https:\/\/www.eflm.eu\/upload\/images\/Ozben-2022.png\" \/>\n<meta name=\"author\" content=\"J\u00e1n Balla\" \/>\n<meta name=\"twitter:card\" content=\"summary_large_image\" \/>\n<meta name=\"twitter:label1\" content=\"Autor\" \/>\n\t<meta name=\"twitter:data1\" content=\"J\u00e1n Balla\" \/>\n\t<meta name=\"twitter:label2\" content=\"Predpokladan\u00fd \u010das \u010d\u00edtania\" \/>\n\t<meta name=\"twitter:data2\" content=\"6 min\u00fat\" \/>\n<script type=\"application\/ld+json\" class=\"yoast-schema-graph\">{\"@context\":\"https:\\\/\\\/schema.org\",\"@graph\":[{\"@type\":\"Article\",\"@id\":\"https:\\\/\\\/www.sskb.sk\\\/2022\\\/prihovor-novej-prezidentky-eflm\\\/#article\",\"isPartOf\":{\"@id\":\"https:\\\/\\\/www.sskb.sk\\\/2022\\\/prihovor-novej-prezidentky-eflm\\\/\"},\"author\":{\"name\":\"J\u00e1n Balla\",\"@id\":\"https:\\\/\\\/www.sskb.sk\\\/2022\\\/#\\\/schema\\\/person\\\/9e78ad8c062b09f751f66cbe1d1cd85d\"},\"headline\":\"Pr\u00edhovor novej prezidentky EFLM\",\"datePublished\":\"2022-01-11T21:12:55+00:00\",\"dateModified\":\"2022-01-11T21:12:56+00:00\",\"mainEntityOfPage\":{\"@id\":\"https:\\\/\\\/www.sskb.sk\\\/2022\\\/prihovor-novej-prezidentky-eflm\\\/\"},\"wordCount\":1132,\"publisher\":{\"@id\":\"https:\\\/\\\/www.sskb.sk\\\/2022\\\/#organization\"},\"image\":{\"@id\":\"https:\\\/\\\/www.sskb.sk\\\/2022\\\/prihovor-novej-prezidentky-eflm\\\/#primaryimage\"},\"thumbnailUrl\":\"https:\\\/\\\/www.eflm.eu\\\/upload\\\/images\\\/Ozben-2022.png\",\"articleSection\":[\"Info z EFLM a IFCC\"],\"inLanguage\":\"sk-SK\"},{\"@type\":\"WebPage\",\"@id\":\"https:\\\/\\\/www.sskb.sk\\\/2022\\\/prihovor-novej-prezidentky-eflm\\\/\",\"url\":\"https:\\\/\\\/www.sskb.sk\\\/2022\\\/prihovor-novej-prezidentky-eflm\\\/\",\"name\":\"Pr\u00edhovor novej prezidentky EFLM - SSKB SLS\",\"isPartOf\":{\"@id\":\"https:\\\/\\\/www.sskb.sk\\\/2022\\\/#website\"},\"primaryImageOfPage\":{\"@id\":\"https:\\\/\\\/www.sskb.sk\\\/2022\\\/prihovor-novej-prezidentky-eflm\\\/#primaryimage\"},\"image\":{\"@id\":\"https:\\\/\\\/www.sskb.sk\\\/2022\\\/prihovor-novej-prezidentky-eflm\\\/#primaryimage\"},\"thumbnailUrl\":\"https:\\\/\\\/www.eflm.eu\\\/upload\\\/images\\\/Ozben-2022.png\",\"datePublished\":\"2022-01-11T21:12:55+00:00\",\"dateModified\":\"2022-01-11T21:12:56+00:00\",\"breadcrumb\":{\"@id\":\"https:\\\/\\\/www.sskb.sk\\\/2022\\\/prihovor-novej-prezidentky-eflm\\\/#breadcrumb\"},\"inLanguage\":\"sk-SK\",\"potentialAction\":[{\"@type\":\"ReadAction\",\"target\":[\"https:\\\/\\\/www.sskb.sk\\\/2022\\\/prihovor-novej-prezidentky-eflm\\\/\"]}]},{\"@type\":\"ImageObject\",\"inLanguage\":\"sk-SK\",\"@id\":\"https:\\\/\\\/www.sskb.sk\\\/2022\\\/prihovor-novej-prezidentky-eflm\\\/#primaryimage\",\"url\":\"https:\\\/\\\/www.eflm.eu\\\/upload\\\/images\\\/Ozben-2022.png\",\"contentUrl\":\"https:\\\/\\\/www.eflm.eu\\\/upload\\\/images\\\/Ozben-2022.png\"},{\"@type\":\"BreadcrumbList\",\"@id\":\"https:\\\/\\\/www.sskb.sk\\\/2022\\\/prihovor-novej-prezidentky-eflm\\\/#breadcrumb\",\"itemListElement\":[{\"@type\":\"ListItem\",\"position\":1,\"name\":\"Domovsk\u00e1 str\u00e1nka\",\"item\":\"https:\\\/\\\/www.sskb.sk\\\/2022\\\/\"},{\"@type\":\"ListItem\",\"position\":2,\"name\":\"Pr\u00edhovor novej prezidentky EFLM\"}]},{\"@type\":\"WebSite\",\"@id\":\"https:\\\/\\\/www.sskb.sk\\\/2022\\\/#website\",\"url\":\"https:\\\/\\\/www.sskb.sk\\\/2022\\\/\",\"name\":\"SSKB SLS\",\"description\":\"Slovensk\u00e1 spolo\u010dnos\u0165 klinickej bioch\u00e9mie\",\"publisher\":{\"@id\":\"https:\\\/\\\/www.sskb.sk\\\/2022\\\/#organization\"},\"potentialAction\":[{\"@type\":\"SearchAction\",\"target\":{\"@type\":\"EntryPoint\",\"urlTemplate\":\"https:\\\/\\\/www.sskb.sk\\\/2022\\\/?s={search_term_string}\"},\"query-input\":{\"@type\":\"PropertyValueSpecification\",\"valueRequired\":true,\"valueName\":\"search_term_string\"}}],\"inLanguage\":\"sk-SK\"},{\"@type\":\"Organization\",\"@id\":\"https:\\\/\\\/www.sskb.sk\\\/2022\\\/#organization\",\"name\":\"SSKB SLS\",\"url\":\"https:\\\/\\\/www.sskb.sk\\\/2022\\\/\",\"logo\":{\"@type\":\"ImageObject\",\"inLanguage\":\"sk-SK\",\"@id\":\"https:\\\/\\\/www.sskb.sk\\\/2022\\\/#\\\/schema\\\/logo\\\/image\\\/\",\"url\":\"https:\\\/\\\/www.sskb.sk\\\/2022\\\/wp-content\\\/uploads\\\/2022\\\/09\\\/logo_klinicka-biochemia_SK-100.png\",\"contentUrl\":\"https:\\\/\\\/www.sskb.sk\\\/2022\\\/wp-content\\\/uploads\\\/2022\\\/09\\\/logo_klinicka-biochemia_SK-100.png\",\"width\":100,\"height\":98,\"caption\":\"SSKB SLS\"},\"image\":{\"@id\":\"https:\\\/\\\/www.sskb.sk\\\/2022\\\/#\\\/schema\\\/logo\\\/image\\\/\"}},{\"@type\":\"Person\",\"@id\":\"https:\\\/\\\/www.sskb.sk\\\/2022\\\/#\\\/schema\\\/person\\\/9e78ad8c062b09f751f66cbe1d1cd85d\",\"name\":\"J\u00e1n Balla\",\"url\":\"https:\\\/\\\/www.sskb.sk\\\/2022\\\/author\\\/balla\\\/\"}]}<\/script>\n<!-- \/ Yoast SEO plugin. -->","yoast_head_json":{"title":"Pr\u00edhovor novej prezidentky EFLM - SSKB SLS","robots":{"index":"index","follow":"follow","max-snippet":"max-snippet:-1","max-image-preview":"max-image-preview:large","max-video-preview":"max-video-preview:-1"},"canonical":"https:\/\/www.sskb.sk\/2022\/prihovor-novej-prezidentky-eflm\/","og_locale":"sk_SK","og_type":"article","og_title":"Pr\u00edhovor novej prezidentky EFLM - SSKB SLS","og_description":"V\u00e1\u017een\u00ed kolegovia a priatelia, Je pre m\u0148a ve\u013ekou c\u0165ou a privil\u00e9giom za\u010da\u0165 sl\u00fa\u017ei\u0165 komunite EFLM ako predsedn\u00ed\u010dka V\u00fdkonnej rady EFLM. Som pripraven\u00e1 prevzia\u0165 ved\u00facu \u00falohu a spolu s \u010fal\u0161\u00edmi, rovnako motivovan\u00fdmi \u010dlenmi V\u00fdkonnej rady a predstavite\u013emi EFLM, budeme stava\u0165 na pevn\u00fdch z\u00e1kladoch, na ktor\u00fdch je zalo\u017een\u00e1 feder\u00e1cia a\u00a0vytv\u00e1ra\u0165 nov\u00e9 pr\u00edle\u017eitost\u00ed a strat\u00e9gie, ktor\u00fdmi m\u00f4\u017ee laborat\u00f3rna [&hellip;]","og_url":"https:\/\/www.sskb.sk\/2022\/prihovor-novej-prezidentky-eflm\/","og_site_name":"SSKB SLS","article_published_time":"2022-01-11T21:12:55+00:00","article_modified_time":"2022-01-11T21:12:56+00:00","og_image":[{"url":"https:\/\/www.eflm.eu\/upload\/images\/Ozben-2022.png","type":"","width":"","height":""}],"author":"J\u00e1n Balla","twitter_card":"summary_large_image","twitter_misc":{"Autor":"J\u00e1n Balla","Predpokladan\u00fd \u010das \u010d\u00edtania":"6 min\u00fat"},"schema":{"@context":"https:\/\/schema.org","@graph":[{"@type":"Article","@id":"https:\/\/www.sskb.sk\/2022\/prihovor-novej-prezidentky-eflm\/#article","isPartOf":{"@id":"https:\/\/www.sskb.sk\/2022\/prihovor-novej-prezidentky-eflm\/"},"author":{"name":"J\u00e1n Balla","@id":"https:\/\/www.sskb.sk\/2022\/#\/schema\/person\/9e78ad8c062b09f751f66cbe1d1cd85d"},"headline":"Pr\u00edhovor novej prezidentky EFLM","datePublished":"2022-01-11T21:12:55+00:00","dateModified":"2022-01-11T21:12:56+00:00","mainEntityOfPage":{"@id":"https:\/\/www.sskb.sk\/2022\/prihovor-novej-prezidentky-eflm\/"},"wordCount":1132,"publisher":{"@id":"https:\/\/www.sskb.sk\/2022\/#organization"},"image":{"@id":"https:\/\/www.sskb.sk\/2022\/prihovor-novej-prezidentky-eflm\/#primaryimage"},"thumbnailUrl":"https:\/\/www.eflm.eu\/upload\/images\/Ozben-2022.png","articleSection":["Info z EFLM a IFCC"],"inLanguage":"sk-SK"},{"@type":"WebPage","@id":"https:\/\/www.sskb.sk\/2022\/prihovor-novej-prezidentky-eflm\/","url":"https:\/\/www.sskb.sk\/2022\/prihovor-novej-prezidentky-eflm\/","name":"Pr\u00edhovor novej prezidentky EFLM - SSKB SLS","isPartOf":{"@id":"https:\/\/www.sskb.sk\/2022\/#website"},"primaryImageOfPage":{"@id":"https:\/\/www.sskb.sk\/2022\/prihovor-novej-prezidentky-eflm\/#primaryimage"},"image":{"@id":"https:\/\/www.sskb.sk\/2022\/prihovor-novej-prezidentky-eflm\/#primaryimage"},"thumbnailUrl":"https:\/\/www.eflm.eu\/upload\/images\/Ozben-2022.png","datePublished":"2022-01-11T21:12:55+00:00","dateModified":"2022-01-11T21:12:56+00:00","breadcrumb":{"@id":"https:\/\/www.sskb.sk\/2022\/prihovor-novej-prezidentky-eflm\/#breadcrumb"},"inLanguage":"sk-SK","potentialAction":[{"@type":"ReadAction","target":["https:\/\/www.sskb.sk\/2022\/prihovor-novej-prezidentky-eflm\/"]}]},{"@type":"ImageObject","inLanguage":"sk-SK","@id":"https:\/\/www.sskb.sk\/2022\/prihovor-novej-prezidentky-eflm\/#primaryimage","url":"https:\/\/www.eflm.eu\/upload\/images\/Ozben-2022.png","contentUrl":"https:\/\/www.eflm.eu\/upload\/images\/Ozben-2022.png"},{"@type":"BreadcrumbList","@id":"https:\/\/www.sskb.sk\/2022\/prihovor-novej-prezidentky-eflm\/#breadcrumb","itemListElement":[{"@type":"ListItem","position":1,"name":"Domovsk\u00e1 str\u00e1nka","item":"https:\/\/www.sskb.sk\/2022\/"},{"@type":"ListItem","position":2,"name":"Pr\u00edhovor novej prezidentky EFLM"}]},{"@type":"WebSite","@id":"https:\/\/www.sskb.sk\/2022\/#website","url":"https:\/\/www.sskb.sk\/2022\/","name":"SSKB SLS","description":"Slovensk\u00e1 spolo\u010dnos\u0165 klinickej bioch\u00e9mie","publisher":{"@id":"https:\/\/www.sskb.sk\/2022\/#organization"},"potentialAction":[{"@type":"SearchAction","target":{"@type":"EntryPoint","urlTemplate":"https:\/\/www.sskb.sk\/2022\/?s={search_term_string}"},"query-input":{"@type":"PropertyValueSpecification","valueRequired":true,"valueName":"search_term_string"}}],"inLanguage":"sk-SK"},{"@type":"Organization","@id":"https:\/\/www.sskb.sk\/2022\/#organization","name":"SSKB SLS","url":"https:\/\/www.sskb.sk\/2022\/","logo":{"@type":"ImageObject","inLanguage":"sk-SK","@id":"https:\/\/www.sskb.sk\/2022\/#\/schema\/logo\/image\/","url":"https:\/\/www.sskb.sk\/2022\/wp-content\/uploads\/2022\/09\/logo_klinicka-biochemia_SK-100.png","contentUrl":"https:\/\/www.sskb.sk\/2022\/wp-content\/uploads\/2022\/09\/logo_klinicka-biochemia_SK-100.png","width":100,"height":98,"caption":"SSKB SLS"},"image":{"@id":"https:\/\/www.sskb.sk\/2022\/#\/schema\/logo\/image\/"}},{"@type":"Person","@id":"https:\/\/www.sskb.sk\/2022\/#\/schema\/person\/9e78ad8c062b09f751f66cbe1d1cd85d","name":"J\u00e1n Balla","url":"https:\/\/www.sskb.sk\/2022\/author\/balla\/"}]}},"_links":{"self":[{"href":"https:\/\/www.sskb.sk\/2022\/wp-json\/wp\/v2\/posts\/3447","targetHints":{"allow":["GET"]}}],"collection":[{"href":"https:\/\/www.sskb.sk\/2022\/wp-json\/wp\/v2\/posts"}],"about":[{"href":"https:\/\/www.sskb.sk\/2022\/wp-json\/wp\/v2\/types\/post"}],"author":[{"embeddable":true,"href":"https:\/\/www.sskb.sk\/2022\/wp-json\/wp\/v2\/users\/6"}],"replies":[{"embeddable":true,"href":"https:\/\/www.sskb.sk\/2022\/wp-json\/wp\/v2\/comments?post=3447"}],"version-history":[{"count":5,"href":"https:\/\/www.sskb.sk\/2022\/wp-json\/wp\/v2\/posts\/3447\/revisions"}],"predecessor-version":[{"id":3454,"href":"https:\/\/www.sskb.sk\/2022\/wp-json\/wp\/v2\/posts\/3447\/revisions\/3454"}],"wp:attachment":[{"href":"https:\/\/www.sskb.sk\/2022\/wp-json\/wp\/v2\/media?parent=3447"}],"wp:term":[{"taxonomy":"category","embeddable":true,"href":"https:\/\/www.sskb.sk\/2022\/wp-json\/wp\/v2\/categories?post=3447"},{"taxonomy":"post_tag","embeddable":true,"href":"https:\/\/www.sskb.sk\/2022\/wp-json\/wp\/v2\/tags?post=3447"}],"curies":[{"name":"wp","href":"https:\/\/api.w.org\/{rel}","templated":true}]}}