{"id":3489,"date":"2022-02-16T22:49:58","date_gmt":"2022-02-16T21:49:58","guid":{"rendered":"https:\/\/www.sskb.sk\/2022\/?p=3489"},"modified":"2022-02-16T22:50:00","modified_gmt":"2022-02-16T21:50:00","slug":"3-strategicka-konferencia-eflm","status":"publish","type":"post","link":"https:\/\/www.sskb.sk\/2022\/3-strategicka-konferencia-eflm\/","title":{"rendered":"3. strategick\u00e1 konferencia EFLM"},"content":{"rendered":"\n<p><span style=\"color:#0071a1\" class=\"has-inline-color\">EFLM s pote\u0161en\u00edm oznamuje, \u017ee po dvoch \u00faspe\u0161n\u00fdch strategick\u00fdch konferenci\u00e1ch EFLM v Mil\u00e1ne (2014) a Mannheime (2018) organizuje a&nbsp;poz\u00fdva v\u00e1s na 3. strategick\u00fa konferenciu EFLM <\/span><\/p>\n\n\n\n<h3 class=\"has-text-align-center wp-block-heading\"><strong><span style=\"color:#056d0c\" class=\"has-inline-color\">Inteligentn\u00e9 a zelen\u00e9 laborat\u00f3ri\u00e1<\/span><\/strong><\/h3>\n\n\n\n<h4 class=\"has-text-align-center wp-block-heading\"><span style=\"color:#ef0914\" class=\"has-inline-color\">v d\u0148och <strong>25. \u2013 27. m\u00e1ja 2022<\/strong><\/span><\/h4>\n\n\n\n<figure class=\"wp-block-image size-large\"><img decoding=\"async\" src=\"https:\/\/www.sskb.sk\/2022\/wp-content\/uploads\/2022\/02\/3c964b09a48f822028403bb8648a5ee7620be8f7.png\" alt=\"\" \/><figcaption><a href=\"http:\/\/www.eflm-strategic-conference.eu\/\" target=\"_blank\" rel=\"noreferrer noopener\">http:\/\/www.eflm-strategic-conference.eu\/<\/a><\/figcaption><\/figure>\n\n\n\n<p><span style=\"color:#0071a1\" class=\"has-inline-color\">V\u00fdkonn\u00e1 rada EFLM na svojom poslednom zasadnut\u00ed, ktor\u00e9 sa konalo 7. decembra 2021, prediskutovala a presk\u00famala mo\u017en\u00e9 rie\u0161enia, ako usporiada\u0165 3. strategick\u00fa konferenciu EFLM \u010do najbezpe\u010dnej\u0161ie vo svetle \u0165a\u017ek\u00e9ho obdobia, ktor\u00e9mu v\u0161etci v d\u00f4sledku pand\u00e9mie \u010del\u00edme. \u010clenovia V\u00fdkonn\u00e9ho v\u00fdboru EFLM ch\u00e1pu, \u017ee ni\u010d sa ned\u00e1 porovna\u0165 so sk\u00fasenos\u0165ami v&nbsp;prezen\u010dnej forme na mieste konania a uzn\u00e1vaj\u00fa, \u017ee strategick\u00e9 konferencie by mali by\u0165 interakt\u00edvne a&nbsp;osobnej\u0161ie na v\u00fdmenu poznatkov, najnov\u0161\u00edch technologick\u00fdch inov\u00e1ci\u00ed ako aj na stretnutia so star\u00fdmi priate\u013emi a nov\u00fdmi kolegami. Glob\u00e1lna pand\u00e9mia COVID je v\u0161ak pretrv\u00e1vaj\u00facou hrizbou u\u017e vy\u0161e dvoch rokov.<\/span><\/p>\n\n\n\n<p><span style=\"color:#0071a1\" class=\"has-inline-color\">Vzh\u013eadom na t\u00fato skuto\u010dnos\u0165 sa konferencia bude kona\u0165 \u010disto online s vyu\u017eit\u00edm najmodernej\u0161\u00edch technick\u00fdch rie\u0161en\u00ed vr\u00e1tane virtu\u00e1lnych v\u00fdstavn\u00fdch st\u00e1nkov umo\u017e\u0148uj\u00facich chat a videokonferenciu medzi \u00fa\u010dastn\u00edkmi a z\u00e1stupcami st\u00e1nku. Glob\u00e1lni l\u00eddri a \u00fa\u010dastn\u00edci z oblasti laborat\u00f3rnej medic\u00edny, diagnostiky, digit\u00e1lneho zdravia, zdravotn\u00edckych pom\u00f4cok a z\u00e1stupcovia MedTechEurope sa z\u00fa\u010dastnia konferencie, aby priniesli najnov\u0161ie inov\u00e1cie v laborat\u00f3rnej medic\u00edne, model partnerstva pre efekt\u00edvnu integr\u00e1ciu a prijatie nov\u00fdch technol\u00f3gi\u00ed, pr\u00edpravu na nov\u00e9 IVDR, prechod na Green Labs, trendy, pr\u00edle\u017eitosti a v\u00fdzvy, ktor\u00fdm \u010delia.<\/span><\/p>\n\n\n\n<p><span style=\"color:#0071a1\" class=\"has-inline-color\">Panel odborn\u00edkov bude diskutova\u0165 o tom, \u010do je potrebn\u00e9 na dosiahnutie \u00faspechu v tomto meniacom sa prostred\u00ed, a o \u00falohe spolupr\u00e1ce medzi priemyslom, verejn\u00fdm, s\u00fakromn\u00fdm a akademick\u00fdm hnac\u00edm motorom inov\u00e1ci\u00ed. Ich sp\u00e4tn\u00e1 v\u00e4zba, \u00fa\u010das\u0165 a anga\u017eovanos\u0165 po\u010das otvorenej diskusnej platformy na 3. strategickej konferencii bud\u00fa d\u00f4le\u017eit\u00e9 a bud\u00fa sa bra\u0165 do \u00favahy pri nasmerovan\u00ed laborat\u00f3rnej medic\u00edny vpred a pri formovan\u00ed bud\u00facnosti na\u0161ej profesie.<\/span><\/p>\n\n\n\n<p><span style=\"color:#0071a1\" class=\"has-inline-color\">Program konferencie bol navrhnut\u00fd tak, aby bol interakt\u00edvny vo virtu\u00e1lnych podmienkach s vyhraden\u00edm dostato\u010dn\u00e9ho \u010dasu na diskusie. Viac v duchu strategick\u00e9ho myslenia: ak\u00e9 s\u00fa teraz probl\u00e9my, na \u010do by sme sa mali zamera\u0165 v bud\u00facnosti, kam by sme sa mali pohn\u00fa\u0165 a ako by sme to mohli dosiahnu\u0165. Rozhovory bud\u00fa kr\u00e1tke, podnetn\u00e9 k zamysleniu a diskusii a nebud\u00fa ako klasick\u00e9 form\u00e1lne predn\u00e1\u0161ky. Potrebujeme revolu\u010dn\u00e9 n\u00e1pady, ktor\u00e9 treba realizova\u0165, aby n\u00e1s posunuli vpred.<\/span><\/p>\n\n\n\n<p><span style=\"color:#0071a1\" class=\"has-inline-color\"><strong>Profesorka Tomris Ozbenov\u00e1<\/strong><\/span><br><span style=\"color:#0071a1\" class=\"has-inline-color\">Prezidentka EFLM a&nbsp;predsedn\u00ed\u010dka&nbsp;3. strategickej konferencie EFLM<\/span><\/p>\n","protected":false},"excerpt":{"rendered":"<p>EFLM s pote\u0161en\u00edm oznamuje, \u017ee po dvoch \u00faspe\u0161n\u00fdch strategick\u00fdch konferenci\u00e1ch EFLM v Mil\u00e1ne (2014) a Mannheime (2018) organizuje a&nbsp;poz\u00fdva v\u00e1s na 3. strategick\u00fa konferenciu EFLM Inteligentn\u00e9 a zelen\u00e9 laborat\u00f3ri\u00e1 v d\u0148och 25. \u2013 27. m\u00e1ja 2022 V\u00fdkonn\u00e1 rada EFLM na svojom poslednom zasadnut\u00ed, ktor\u00e9 sa konalo 7. decembra 2021, prediskutovala a presk\u00famala mo\u017en\u00e9 rie\u0161enia, ako [&hellip;]<\/p>\n","protected":false},"author":6,"featured_media":0,"comment_status":"closed","ping_status":"open","sticky":false,"template":"","format":"standard","meta":{"footnotes":""},"categories":[8],"tags":[],"class_list":["post-3489","post","type-post","status-publish","format-standard","hentry","category-informacie-z-eflm-a-ifcc"],"yoast_head":"<!-- This site is optimized with the Yoast SEO plugin v27.4 - https:\/\/yoast.com\/product\/yoast-seo-wordpress\/ -->\n<title>3. strategick\u00e1 konferencia EFLM - SSKB SLS<\/title>\n<meta name=\"robots\" content=\"index, follow, max-snippet:-1, max-image-preview:large, max-video-preview:-1\" \/>\n<link rel=\"canonical\" href=\"https:\/\/www.sskb.sk\/2022\/3-strategicka-konferencia-eflm\/\" \/>\n<meta property=\"og:locale\" content=\"sk_SK\" \/>\n<meta property=\"og:type\" content=\"article\" \/>\n<meta property=\"og:title\" content=\"3. strategick\u00e1 konferencia EFLM - SSKB SLS\" \/>\n<meta property=\"og:description\" content=\"EFLM s pote\u0161en\u00edm oznamuje, \u017ee po dvoch \u00faspe\u0161n\u00fdch strategick\u00fdch konferenci\u00e1ch EFLM v Mil\u00e1ne (2014) a Mannheime (2018) organizuje a&nbsp;poz\u00fdva v\u00e1s na 3. strategick\u00fa konferenciu EFLM Inteligentn\u00e9 a zelen\u00e9 laborat\u00f3ri\u00e1 v d\u0148och 25. \u2013 27. m\u00e1ja 2022 V\u00fdkonn\u00e1 rada EFLM na svojom poslednom zasadnut\u00ed, ktor\u00e9 sa konalo 7. decembra 2021, prediskutovala a presk\u00famala mo\u017en\u00e9 rie\u0161enia, ako [&hellip;]\" \/>\n<meta property=\"og:url\" content=\"https:\/\/www.sskb.sk\/2022\/3-strategicka-konferencia-eflm\/\" \/>\n<meta property=\"og:site_name\" content=\"SSKB SLS\" \/>\n<meta property=\"article:published_time\" content=\"2022-02-16T21:49:58+00:00\" \/>\n<meta property=\"article:modified_time\" content=\"2022-02-16T21:50:00+00:00\" \/>\n<meta property=\"og:image\" content=\"https:\/\/www.sskb.sk\/2022\/wp-content\/uploads\/2022\/02\/3c964b09a48f822028403bb8648a5ee7620be8f7.png\" \/>\n<meta name=\"author\" content=\"J\u00e1n Balla\" \/>\n<meta name=\"twitter:card\" content=\"summary_large_image\" \/>\n<meta name=\"twitter:label1\" content=\"Autor\" \/>\n\t<meta name=\"twitter:data1\" content=\"J\u00e1n Balla\" \/>\n\t<meta name=\"twitter:label2\" content=\"Predpokladan\u00fd \u010das \u010d\u00edtania\" \/>\n\t<meta name=\"twitter:data2\" content=\"2 min\u00faty\" \/>\n<script type=\"application\/ld+json\" class=\"yoast-schema-graph\">{\"@context\":\"https:\\\/\\\/schema.org\",\"@graph\":[{\"@type\":\"Article\",\"@id\":\"https:\\\/\\\/www.sskb.sk\\\/2022\\\/3-strategicka-konferencia-eflm\\\/#article\",\"isPartOf\":{\"@id\":\"https:\\\/\\\/www.sskb.sk\\\/2022\\\/3-strategicka-konferencia-eflm\\\/\"},\"author\":{\"name\":\"J\u00e1n Balla\",\"@id\":\"https:\\\/\\\/www.sskb.sk\\\/2022\\\/#\\\/schema\\\/person\\\/9e78ad8c062b09f751f66cbe1d1cd85d\"},\"headline\":\"3. strategick\u00e1 konferencia EFLM\",\"datePublished\":\"2022-02-16T21:49:58+00:00\",\"dateModified\":\"2022-02-16T21:50:00+00:00\",\"mainEntityOfPage\":{\"@id\":\"https:\\\/\\\/www.sskb.sk\\\/2022\\\/3-strategicka-konferencia-eflm\\\/\"},\"wordCount\":474,\"publisher\":{\"@id\":\"https:\\\/\\\/www.sskb.sk\\\/2022\\\/#organization\"},\"image\":{\"@id\":\"https:\\\/\\\/www.sskb.sk\\\/2022\\\/3-strategicka-konferencia-eflm\\\/#primaryimage\"},\"thumbnailUrl\":\"https:\\\/\\\/www.sskb.sk\\\/2022\\\/wp-content\\\/uploads\\\/2022\\\/02\\\/3c964b09a48f822028403bb8648a5ee7620be8f7.png\",\"articleSection\":[\"Info z EFLM a IFCC\"],\"inLanguage\":\"sk-SK\"},{\"@type\":\"WebPage\",\"@id\":\"https:\\\/\\\/www.sskb.sk\\\/2022\\\/3-strategicka-konferencia-eflm\\\/\",\"url\":\"https:\\\/\\\/www.sskb.sk\\\/2022\\\/3-strategicka-konferencia-eflm\\\/\",\"name\":\"3. strategick\u00e1 konferencia EFLM - SSKB SLS\",\"isPartOf\":{\"@id\":\"https:\\\/\\\/www.sskb.sk\\\/2022\\\/#website\"},\"primaryImageOfPage\":{\"@id\":\"https:\\\/\\\/www.sskb.sk\\\/2022\\\/3-strategicka-konferencia-eflm\\\/#primaryimage\"},\"image\":{\"@id\":\"https:\\\/\\\/www.sskb.sk\\\/2022\\\/3-strategicka-konferencia-eflm\\\/#primaryimage\"},\"thumbnailUrl\":\"https:\\\/\\\/www.sskb.sk\\\/2022\\\/wp-content\\\/uploads\\\/2022\\\/02\\\/3c964b09a48f822028403bb8648a5ee7620be8f7.png\",\"datePublished\":\"2022-02-16T21:49:58+00:00\",\"dateModified\":\"2022-02-16T21:50:00+00:00\",\"breadcrumb\":{\"@id\":\"https:\\\/\\\/www.sskb.sk\\\/2022\\\/3-strategicka-konferencia-eflm\\\/#breadcrumb\"},\"inLanguage\":\"sk-SK\",\"potentialAction\":[{\"@type\":\"ReadAction\",\"target\":[\"https:\\\/\\\/www.sskb.sk\\\/2022\\\/3-strategicka-konferencia-eflm\\\/\"]}]},{\"@type\":\"ImageObject\",\"inLanguage\":\"sk-SK\",\"@id\":\"https:\\\/\\\/www.sskb.sk\\\/2022\\\/3-strategicka-konferencia-eflm\\\/#primaryimage\",\"url\":\"https:\\\/\\\/www.sskb.sk\\\/2022\\\/wp-content\\\/uploads\\\/2022\\\/02\\\/3c964b09a48f822028403bb8648a5ee7620be8f7.png\",\"contentUrl\":\"https:\\\/\\\/www.sskb.sk\\\/2022\\\/wp-content\\\/uploads\\\/2022\\\/02\\\/3c964b09a48f822028403bb8648a5ee7620be8f7.png\",\"width\":1587,\"height\":526},{\"@type\":\"BreadcrumbList\",\"@id\":\"https:\\\/\\\/www.sskb.sk\\\/2022\\\/3-strategicka-konferencia-eflm\\\/#breadcrumb\",\"itemListElement\":[{\"@type\":\"ListItem\",\"position\":1,\"name\":\"Domovsk\u00e1 str\u00e1nka\",\"item\":\"https:\\\/\\\/www.sskb.sk\\\/2022\\\/\"},{\"@type\":\"ListItem\",\"position\":2,\"name\":\"3. strategick\u00e1 konferencia EFLM\"}]},{\"@type\":\"WebSite\",\"@id\":\"https:\\\/\\\/www.sskb.sk\\\/2022\\\/#website\",\"url\":\"https:\\\/\\\/www.sskb.sk\\\/2022\\\/\",\"name\":\"SSKB SLS\",\"description\":\"Slovensk\u00e1 spolo\u010dnos\u0165 klinickej bioch\u00e9mie\",\"publisher\":{\"@id\":\"https:\\\/\\\/www.sskb.sk\\\/2022\\\/#organization\"},\"potentialAction\":[{\"@type\":\"SearchAction\",\"target\":{\"@type\":\"EntryPoint\",\"urlTemplate\":\"https:\\\/\\\/www.sskb.sk\\\/2022\\\/?s={search_term_string}\"},\"query-input\":{\"@type\":\"PropertyValueSpecification\",\"valueRequired\":true,\"valueName\":\"search_term_string\"}}],\"inLanguage\":\"sk-SK\"},{\"@type\":\"Organization\",\"@id\":\"https:\\\/\\\/www.sskb.sk\\\/2022\\\/#organization\",\"name\":\"SSKB SLS\",\"url\":\"https:\\\/\\\/www.sskb.sk\\\/2022\\\/\",\"logo\":{\"@type\":\"ImageObject\",\"inLanguage\":\"sk-SK\",\"@id\":\"https:\\\/\\\/www.sskb.sk\\\/2022\\\/#\\\/schema\\\/logo\\\/image\\\/\",\"url\":\"https:\\\/\\\/www.sskb.sk\\\/2022\\\/wp-content\\\/uploads\\\/2022\\\/09\\\/logo_klinicka-biochemia_SK-100.png\",\"contentUrl\":\"https:\\\/\\\/www.sskb.sk\\\/2022\\\/wp-content\\\/uploads\\\/2022\\\/09\\\/logo_klinicka-biochemia_SK-100.png\",\"width\":100,\"height\":98,\"caption\":\"SSKB SLS\"},\"image\":{\"@id\":\"https:\\\/\\\/www.sskb.sk\\\/2022\\\/#\\\/schema\\\/logo\\\/image\\\/\"}},{\"@type\":\"Person\",\"@id\":\"https:\\\/\\\/www.sskb.sk\\\/2022\\\/#\\\/schema\\\/person\\\/9e78ad8c062b09f751f66cbe1d1cd85d\",\"name\":\"J\u00e1n Balla\",\"url\":\"https:\\\/\\\/www.sskb.sk\\\/2022\\\/author\\\/balla\\\/\"}]}<\/script>\n<!-- \/ Yoast SEO plugin. -->","yoast_head_json":{"title":"3. strategick\u00e1 konferencia EFLM - SSKB SLS","robots":{"index":"index","follow":"follow","max-snippet":"max-snippet:-1","max-image-preview":"max-image-preview:large","max-video-preview":"max-video-preview:-1"},"canonical":"https:\/\/www.sskb.sk\/2022\/3-strategicka-konferencia-eflm\/","og_locale":"sk_SK","og_type":"article","og_title":"3. strategick\u00e1 konferencia EFLM - SSKB SLS","og_description":"EFLM s pote\u0161en\u00edm oznamuje, \u017ee po dvoch \u00faspe\u0161n\u00fdch strategick\u00fdch konferenci\u00e1ch EFLM v Mil\u00e1ne (2014) a Mannheime (2018) organizuje a&nbsp;poz\u00fdva v\u00e1s na 3. strategick\u00fa konferenciu EFLM Inteligentn\u00e9 a zelen\u00e9 laborat\u00f3ri\u00e1 v d\u0148och 25. \u2013 27. m\u00e1ja 2022 V\u00fdkonn\u00e1 rada EFLM na svojom poslednom zasadnut\u00ed, ktor\u00e9 sa konalo 7. decembra 2021, prediskutovala a presk\u00famala mo\u017en\u00e9 rie\u0161enia, ako [&hellip;]","og_url":"https:\/\/www.sskb.sk\/2022\/3-strategicka-konferencia-eflm\/","og_site_name":"SSKB SLS","article_published_time":"2022-02-16T21:49:58+00:00","article_modified_time":"2022-02-16T21:50:00+00:00","og_image":[{"url":"https:\/\/www.sskb.sk\/2022\/wp-content\/uploads\/2022\/02\/3c964b09a48f822028403bb8648a5ee7620be8f7.png","type":"","width":"","height":""}],"author":"J\u00e1n Balla","twitter_card":"summary_large_image","twitter_misc":{"Autor":"J\u00e1n Balla","Predpokladan\u00fd \u010das \u010d\u00edtania":"2 min\u00faty"},"schema":{"@context":"https:\/\/schema.org","@graph":[{"@type":"Article","@id":"https:\/\/www.sskb.sk\/2022\/3-strategicka-konferencia-eflm\/#article","isPartOf":{"@id":"https:\/\/www.sskb.sk\/2022\/3-strategicka-konferencia-eflm\/"},"author":{"name":"J\u00e1n Balla","@id":"https:\/\/www.sskb.sk\/2022\/#\/schema\/person\/9e78ad8c062b09f751f66cbe1d1cd85d"},"headline":"3. strategick\u00e1 konferencia EFLM","datePublished":"2022-02-16T21:49:58+00:00","dateModified":"2022-02-16T21:50:00+00:00","mainEntityOfPage":{"@id":"https:\/\/www.sskb.sk\/2022\/3-strategicka-konferencia-eflm\/"},"wordCount":474,"publisher":{"@id":"https:\/\/www.sskb.sk\/2022\/#organization"},"image":{"@id":"https:\/\/www.sskb.sk\/2022\/3-strategicka-konferencia-eflm\/#primaryimage"},"thumbnailUrl":"https:\/\/www.sskb.sk\/2022\/wp-content\/uploads\/2022\/02\/3c964b09a48f822028403bb8648a5ee7620be8f7.png","articleSection":["Info z EFLM a IFCC"],"inLanguage":"sk-SK"},{"@type":"WebPage","@id":"https:\/\/www.sskb.sk\/2022\/3-strategicka-konferencia-eflm\/","url":"https:\/\/www.sskb.sk\/2022\/3-strategicka-konferencia-eflm\/","name":"3. strategick\u00e1 konferencia EFLM - SSKB SLS","isPartOf":{"@id":"https:\/\/www.sskb.sk\/2022\/#website"},"primaryImageOfPage":{"@id":"https:\/\/www.sskb.sk\/2022\/3-strategicka-konferencia-eflm\/#primaryimage"},"image":{"@id":"https:\/\/www.sskb.sk\/2022\/3-strategicka-konferencia-eflm\/#primaryimage"},"thumbnailUrl":"https:\/\/www.sskb.sk\/2022\/wp-content\/uploads\/2022\/02\/3c964b09a48f822028403bb8648a5ee7620be8f7.png","datePublished":"2022-02-16T21:49:58+00:00","dateModified":"2022-02-16T21:50:00+00:00","breadcrumb":{"@id":"https:\/\/www.sskb.sk\/2022\/3-strategicka-konferencia-eflm\/#breadcrumb"},"inLanguage":"sk-SK","potentialAction":[{"@type":"ReadAction","target":["https:\/\/www.sskb.sk\/2022\/3-strategicka-konferencia-eflm\/"]}]},{"@type":"ImageObject","inLanguage":"sk-SK","@id":"https:\/\/www.sskb.sk\/2022\/3-strategicka-konferencia-eflm\/#primaryimage","url":"https:\/\/www.sskb.sk\/2022\/wp-content\/uploads\/2022\/02\/3c964b09a48f822028403bb8648a5ee7620be8f7.png","contentUrl":"https:\/\/www.sskb.sk\/2022\/wp-content\/uploads\/2022\/02\/3c964b09a48f822028403bb8648a5ee7620be8f7.png","width":1587,"height":526},{"@type":"BreadcrumbList","@id":"https:\/\/www.sskb.sk\/2022\/3-strategicka-konferencia-eflm\/#breadcrumb","itemListElement":[{"@type":"ListItem","position":1,"name":"Domovsk\u00e1 str\u00e1nka","item":"https:\/\/www.sskb.sk\/2022\/"},{"@type":"ListItem","position":2,"name":"3. strategick\u00e1 konferencia EFLM"}]},{"@type":"WebSite","@id":"https:\/\/www.sskb.sk\/2022\/#website","url":"https:\/\/www.sskb.sk\/2022\/","name":"SSKB SLS","description":"Slovensk\u00e1 spolo\u010dnos\u0165 klinickej bioch\u00e9mie","publisher":{"@id":"https:\/\/www.sskb.sk\/2022\/#organization"},"potentialAction":[{"@type":"SearchAction","target":{"@type":"EntryPoint","urlTemplate":"https:\/\/www.sskb.sk\/2022\/?s={search_term_string}"},"query-input":{"@type":"PropertyValueSpecification","valueRequired":true,"valueName":"search_term_string"}}],"inLanguage":"sk-SK"},{"@type":"Organization","@id":"https:\/\/www.sskb.sk\/2022\/#organization","name":"SSKB SLS","url":"https:\/\/www.sskb.sk\/2022\/","logo":{"@type":"ImageObject","inLanguage":"sk-SK","@id":"https:\/\/www.sskb.sk\/2022\/#\/schema\/logo\/image\/","url":"https:\/\/www.sskb.sk\/2022\/wp-content\/uploads\/2022\/09\/logo_klinicka-biochemia_SK-100.png","contentUrl":"https:\/\/www.sskb.sk\/2022\/wp-content\/uploads\/2022\/09\/logo_klinicka-biochemia_SK-100.png","width":100,"height":98,"caption":"SSKB SLS"},"image":{"@id":"https:\/\/www.sskb.sk\/2022\/#\/schema\/logo\/image\/"}},{"@type":"Person","@id":"https:\/\/www.sskb.sk\/2022\/#\/schema\/person\/9e78ad8c062b09f751f66cbe1d1cd85d","name":"J\u00e1n Balla","url":"https:\/\/www.sskb.sk\/2022\/author\/balla\/"}]}},"_links":{"self":[{"href":"https:\/\/www.sskb.sk\/2022\/wp-json\/wp\/v2\/posts\/3489","targetHints":{"allow":["GET"]}}],"collection":[{"href":"https:\/\/www.sskb.sk\/2022\/wp-json\/wp\/v2\/posts"}],"about":[{"href":"https:\/\/www.sskb.sk\/2022\/wp-json\/wp\/v2\/types\/post"}],"author":[{"embeddable":true,"href":"https:\/\/www.sskb.sk\/2022\/wp-json\/wp\/v2\/users\/6"}],"replies":[{"embeddable":true,"href":"https:\/\/www.sskb.sk\/2022\/wp-json\/wp\/v2\/comments?post=3489"}],"version-history":[{"count":5,"href":"https:\/\/www.sskb.sk\/2022\/wp-json\/wp\/v2\/posts\/3489\/revisions"}],"predecessor-version":[{"id":3501,"href":"https:\/\/www.sskb.sk\/2022\/wp-json\/wp\/v2\/posts\/3489\/revisions\/3501"}],"wp:attachment":[{"href":"https:\/\/www.sskb.sk\/2022\/wp-json\/wp\/v2\/media?parent=3489"}],"wp:term":[{"taxonomy":"category","embeddable":true,"href":"https:\/\/www.sskb.sk\/2022\/wp-json\/wp\/v2\/categories?post=3489"},{"taxonomy":"post_tag","embeddable":true,"href":"https:\/\/www.sskb.sk\/2022\/wp-json\/wp\/v2\/tags?post=3489"}],"curies":[{"name":"wp","href":"https:\/\/api.w.org\/{rel}","templated":true}]}}