{"id":3503,"date":"2022-03-03T21:55:13","date_gmt":"2022-03-03T20:55:13","guid":{"rendered":"https:\/\/www.sskb.sk\/2022\/?p=3503"},"modified":"2022-03-24T12:04:35","modified_gmt":"2022-03-24T11:04:35","slug":"nove-prva-aktualizacia-3-strategickej-konferencie-eflm","status":"publish","type":"post","link":"https:\/\/www.sskb.sk\/2022\/nove-prva-aktualizacia-3-strategickej-konferencie-eflm\/","title":{"rendered":"Prv\u00e1 aktualiz\u00e1cia  3.strategickej konferencie EFLM"},"content":{"rendered":"\n<p>Drah\u00ed kolegovia,<\/p>\n\n\n\n<p>V mene v\u00fdkonnej rady EFLM by som v\u00e1s chcela informova\u0165, \u017ee pre pribli\u017ene 8 000 <strong>\u010dlenov akad\u00e9mie EFLM<\/strong> bude \u00fa\u010das\u0165 na 3. strategickej konferencii EFLM <strong>zdarma<\/strong>. Za ich podporu, lojalitu a spolupr\u00e1cu s EFLM po\u010das nieko\u013ek\u00fdch rokov im nebude \u00fa\u010dtovan\u00fd \u017eiadny registra\u010dn\u00fd poplatok.<\/p>\n\n\n\n<p>Sme presved\u010den\u00ed, \u017ee zorganizujeme skvel\u00fa strategick\u00fa konferenciu EFLM s najv\u00e4\u010d\u0161ou \u00fa\u010das\u0165ou v Eur\u00f3pe. Uskuto\u010dn\u00ed sa plne online s vyu\u017eit\u00edm najmodernej\u0161\u00edch technick\u00fdch rie\u0161en\u00ed vr\u00e1tane virtu\u00e1lnych v\u00fdstavn\u00fdch st\u00e1nkov umo\u017e\u0148uj\u00facich \u010detovanie a videokonferencie medzi \u00fa\u010dastn\u00edkmi a z\u00e1stupcami st\u00e1nku.<\/p>\n\n\n\n<p>Program konferencie bol navrhnut\u00fd tak, aby bol interakt\u00edvny vo virtu\u00e1lnych podmienkach s vyhraden\u00edm dostato\u010dn\u00e9ho \u010dasu na diskusie: <\/p>\n\n\n\n<ul class=\"wp-block-list\"><li>ak\u00e9 s\u00fa teraz probl\u00e9my, <\/li><li>na \u010do by sme sa mali zamera\u0165 v bud\u00facnosti, <\/li><li>kam by sme sa mali smerova\u0165, a <\/li><li>ako by sme to mohli dosiahnu\u0165. <\/li><\/ul>\n\n\n\n<p>Prezent\u00e1cie bud\u00fa kr\u00e1tke, podnetn\u00e9 k zamysleniu a diskusii a nebud\u00fa ako klasick\u00e9 form\u00e1lne predn\u00e1\u0161ky. Potrebujeme revolu\u010dn\u00e9 n\u00e1pady, ktor\u00e9 treba realizova\u0165, aby n\u00e1s posunuli vpred.<\/p>\n\n\n\n<p>Vyz\u00fdvame \u010dlenov Akad\u00e9mie v na\u0161ej spolo\u010dnosti, aby sa prihl\u00e1sili na Strategick\u00fa konferenciu EFLM. Te\u0161\u00edme sa na stretnutie v m\u00e1ji!<\/p>\n\n\n\n<p><a rel=\"noreferrer noopener\" href=\"https:\/\/mail.google.com\/mail\/u\/1?ui=2&amp;ik=bdfbe8b321&amp;attid=0.2&amp;permmsgid=msg-f:1726287091601110716&amp;th=17f500f6ab39f6bc&amp;view=att&amp;disp=inline\" target=\"_blank\">Tu si m\u00f4\u017eete stiahnu\u0165 aktu\u00e1lny program 3. strategickej konferencie<\/a>  (verzia 3.3.2022)<\/p>\n\n\n\n<p><a href=\"http:\/\/www.eflm-strategic-conference.eu\/index.php\/registration\/\" target=\"_blank\" rel=\"noreferrer noopener\">Tu sa m\u00f4\u017eete zaregistrova\u0165<\/a><\/p>\n\n\n\n<p>S&nbsp;pozdravom<\/p>\n\n\n\n<p>Tomris OZBEN<br>Predsedn\u00ed\u010dka Strategickej konferencie EFLM<\/p>\n","protected":false},"excerpt":{"rendered":"<p>Drah\u00ed kolegovia, V mene v\u00fdkonnej rady EFLM by som v\u00e1s chcela informova\u0165, \u017ee pre pribli\u017ene 8 000 \u010dlenov akad\u00e9mie EFLM bude \u00fa\u010das\u0165 na 3. strategickej konferencii EFLM zdarma. Za ich podporu, lojalitu a spolupr\u00e1cu s EFLM po\u010das nieko\u013ek\u00fdch rokov im nebude \u00fa\u010dtovan\u00fd \u017eiadny registra\u010dn\u00fd poplatok. Sme presved\u010den\u00ed, \u017ee zorganizujeme skvel\u00fa strategick\u00fa konferenciu EFLM s najv\u00e4\u010d\u0161ou [&hellip;]<\/p>\n","protected":false},"author":6,"featured_media":0,"comment_status":"closed","ping_status":"open","sticky":false,"template":"","format":"standard","meta":{"footnotes":""},"categories":[8],"tags":[],"class_list":["post-3503","post","type-post","status-publish","format-standard","hentry","category-informacie-z-eflm-a-ifcc"],"yoast_head":"<!-- This site is optimized with the Yoast SEO plugin v27.4 - https:\/\/yoast.com\/product\/yoast-seo-wordpress\/ -->\n<title>Prv\u00e1 aktualiz\u00e1cia 3.strategickej konferencie EFLM - SSKB SLS<\/title>\n<meta name=\"robots\" content=\"index, follow, max-snippet:-1, max-image-preview:large, max-video-preview:-1\" \/>\n<link rel=\"canonical\" href=\"https:\/\/www.sskb.sk\/2022\/nove-prva-aktualizacia-3-strategickej-konferencie-eflm\/\" \/>\n<meta property=\"og:locale\" content=\"sk_SK\" \/>\n<meta property=\"og:type\" content=\"article\" \/>\n<meta property=\"og:title\" content=\"Prv\u00e1 aktualiz\u00e1cia 3.strategickej konferencie EFLM - SSKB SLS\" \/>\n<meta property=\"og:description\" content=\"Drah\u00ed kolegovia, V mene v\u00fdkonnej rady EFLM by som v\u00e1s chcela informova\u0165, \u017ee pre pribli\u017ene 8 000 \u010dlenov akad\u00e9mie EFLM bude \u00fa\u010das\u0165 na 3. strategickej konferencii EFLM zdarma. Za ich podporu, lojalitu a spolupr\u00e1cu s EFLM po\u010das nieko\u013ek\u00fdch rokov im nebude \u00fa\u010dtovan\u00fd \u017eiadny registra\u010dn\u00fd poplatok. Sme presved\u010den\u00ed, \u017ee zorganizujeme skvel\u00fa strategick\u00fa konferenciu EFLM s najv\u00e4\u010d\u0161ou [&hellip;]\" \/>\n<meta property=\"og:url\" content=\"https:\/\/www.sskb.sk\/2022\/nove-prva-aktualizacia-3-strategickej-konferencie-eflm\/\" \/>\n<meta property=\"og:site_name\" content=\"SSKB SLS\" \/>\n<meta property=\"article:published_time\" content=\"2022-03-03T20:55:13+00:00\" \/>\n<meta property=\"article:modified_time\" content=\"2022-03-24T11:04:35+00:00\" \/>\n<meta name=\"author\" content=\"J\u00e1n Balla\" \/>\n<meta name=\"twitter:card\" content=\"summary_large_image\" \/>\n<meta name=\"twitter:label1\" content=\"Autor\" \/>\n\t<meta name=\"twitter:data1\" content=\"J\u00e1n Balla\" \/>\n\t<meta name=\"twitter:label2\" content=\"Predpokladan\u00fd \u010das \u010d\u00edtania\" \/>\n\t<meta name=\"twitter:data2\" content=\"1 min\u00fata\" \/>\n<script type=\"application\/ld+json\" class=\"yoast-schema-graph\">{\"@context\":\"https:\\\/\\\/schema.org\",\"@graph\":[{\"@type\":\"Article\",\"@id\":\"https:\\\/\\\/www.sskb.sk\\\/2022\\\/nove-prva-aktualizacia-3-strategickej-konferencie-eflm\\\/#article\",\"isPartOf\":{\"@id\":\"https:\\\/\\\/www.sskb.sk\\\/2022\\\/nove-prva-aktualizacia-3-strategickej-konferencie-eflm\\\/\"},\"author\":{\"name\":\"J\u00e1n Balla\",\"@id\":\"https:\\\/\\\/www.sskb.sk\\\/2022\\\/#\\\/schema\\\/person\\\/9e78ad8c062b09f751f66cbe1d1cd85d\"},\"headline\":\"Prv\u00e1 aktualiz\u00e1cia 3.strategickej konferencie EFLM\",\"datePublished\":\"2022-03-03T20:55:13+00:00\",\"dateModified\":\"2022-03-24T11:04:35+00:00\",\"mainEntityOfPage\":{\"@id\":\"https:\\\/\\\/www.sskb.sk\\\/2022\\\/nove-prva-aktualizacia-3-strategickej-konferencie-eflm\\\/\"},\"wordCount\":244,\"publisher\":{\"@id\":\"https:\\\/\\\/www.sskb.sk\\\/2022\\\/#organization\"},\"articleSection\":[\"Info z EFLM a IFCC\"],\"inLanguage\":\"sk-SK\"},{\"@type\":\"WebPage\",\"@id\":\"https:\\\/\\\/www.sskb.sk\\\/2022\\\/nove-prva-aktualizacia-3-strategickej-konferencie-eflm\\\/\",\"url\":\"https:\\\/\\\/www.sskb.sk\\\/2022\\\/nove-prva-aktualizacia-3-strategickej-konferencie-eflm\\\/\",\"name\":\"Prv\u00e1 aktualiz\u00e1cia 3.strategickej konferencie EFLM - SSKB SLS\",\"isPartOf\":{\"@id\":\"https:\\\/\\\/www.sskb.sk\\\/2022\\\/#website\"},\"datePublished\":\"2022-03-03T20:55:13+00:00\",\"dateModified\":\"2022-03-24T11:04:35+00:00\",\"breadcrumb\":{\"@id\":\"https:\\\/\\\/www.sskb.sk\\\/2022\\\/nove-prva-aktualizacia-3-strategickej-konferencie-eflm\\\/#breadcrumb\"},\"inLanguage\":\"sk-SK\",\"potentialAction\":[{\"@type\":\"ReadAction\",\"target\":[\"https:\\\/\\\/www.sskb.sk\\\/2022\\\/nove-prva-aktualizacia-3-strategickej-konferencie-eflm\\\/\"]}]},{\"@type\":\"BreadcrumbList\",\"@id\":\"https:\\\/\\\/www.sskb.sk\\\/2022\\\/nove-prva-aktualizacia-3-strategickej-konferencie-eflm\\\/#breadcrumb\",\"itemListElement\":[{\"@type\":\"ListItem\",\"position\":1,\"name\":\"Domovsk\u00e1 str\u00e1nka\",\"item\":\"https:\\\/\\\/www.sskb.sk\\\/2022\\\/\"},{\"@type\":\"ListItem\",\"position\":2,\"name\":\"Prv\u00e1 aktualiz\u00e1cia 3.strategickej konferencie EFLM\"}]},{\"@type\":\"WebSite\",\"@id\":\"https:\\\/\\\/www.sskb.sk\\\/2022\\\/#website\",\"url\":\"https:\\\/\\\/www.sskb.sk\\\/2022\\\/\",\"name\":\"SSKB SLS\",\"description\":\"Slovensk\u00e1 spolo\u010dnos\u0165 klinickej bioch\u00e9mie\",\"publisher\":{\"@id\":\"https:\\\/\\\/www.sskb.sk\\\/2022\\\/#organization\"},\"potentialAction\":[{\"@type\":\"SearchAction\",\"target\":{\"@type\":\"EntryPoint\",\"urlTemplate\":\"https:\\\/\\\/www.sskb.sk\\\/2022\\\/?s={search_term_string}\"},\"query-input\":{\"@type\":\"PropertyValueSpecification\",\"valueRequired\":true,\"valueName\":\"search_term_string\"}}],\"inLanguage\":\"sk-SK\"},{\"@type\":\"Organization\",\"@id\":\"https:\\\/\\\/www.sskb.sk\\\/2022\\\/#organization\",\"name\":\"SSKB SLS\",\"url\":\"https:\\\/\\\/www.sskb.sk\\\/2022\\\/\",\"logo\":{\"@type\":\"ImageObject\",\"inLanguage\":\"sk-SK\",\"@id\":\"https:\\\/\\\/www.sskb.sk\\\/2022\\\/#\\\/schema\\\/logo\\\/image\\\/\",\"url\":\"https:\\\/\\\/www.sskb.sk\\\/2022\\\/wp-content\\\/uploads\\\/2022\\\/09\\\/logo_klinicka-biochemia_SK-100.png\",\"contentUrl\":\"https:\\\/\\\/www.sskb.sk\\\/2022\\\/wp-content\\\/uploads\\\/2022\\\/09\\\/logo_klinicka-biochemia_SK-100.png\",\"width\":100,\"height\":98,\"caption\":\"SSKB SLS\"},\"image\":{\"@id\":\"https:\\\/\\\/www.sskb.sk\\\/2022\\\/#\\\/schema\\\/logo\\\/image\\\/\"}},{\"@type\":\"Person\",\"@id\":\"https:\\\/\\\/www.sskb.sk\\\/2022\\\/#\\\/schema\\\/person\\\/9e78ad8c062b09f751f66cbe1d1cd85d\",\"name\":\"J\u00e1n Balla\",\"url\":\"https:\\\/\\\/www.sskb.sk\\\/2022\\\/author\\\/balla\\\/\"}]}<\/script>\n<!-- \/ Yoast SEO plugin. -->","yoast_head_json":{"title":"Prv\u00e1 aktualiz\u00e1cia 3.strategickej konferencie EFLM - SSKB SLS","robots":{"index":"index","follow":"follow","max-snippet":"max-snippet:-1","max-image-preview":"max-image-preview:large","max-video-preview":"max-video-preview:-1"},"canonical":"https:\/\/www.sskb.sk\/2022\/nove-prva-aktualizacia-3-strategickej-konferencie-eflm\/","og_locale":"sk_SK","og_type":"article","og_title":"Prv\u00e1 aktualiz\u00e1cia 3.strategickej konferencie EFLM - SSKB SLS","og_description":"Drah\u00ed kolegovia, V mene v\u00fdkonnej rady EFLM by som v\u00e1s chcela informova\u0165, \u017ee pre pribli\u017ene 8 000 \u010dlenov akad\u00e9mie EFLM bude \u00fa\u010das\u0165 na 3. strategickej konferencii EFLM zdarma. Za ich podporu, lojalitu a spolupr\u00e1cu s EFLM po\u010das nieko\u013ek\u00fdch rokov im nebude \u00fa\u010dtovan\u00fd \u017eiadny registra\u010dn\u00fd poplatok. Sme presved\u010den\u00ed, \u017ee zorganizujeme skvel\u00fa strategick\u00fa konferenciu EFLM s najv\u00e4\u010d\u0161ou [&hellip;]","og_url":"https:\/\/www.sskb.sk\/2022\/nove-prva-aktualizacia-3-strategickej-konferencie-eflm\/","og_site_name":"SSKB SLS","article_published_time":"2022-03-03T20:55:13+00:00","article_modified_time":"2022-03-24T11:04:35+00:00","author":"J\u00e1n Balla","twitter_card":"summary_large_image","twitter_misc":{"Autor":"J\u00e1n Balla","Predpokladan\u00fd \u010das \u010d\u00edtania":"1 min\u00fata"},"schema":{"@context":"https:\/\/schema.org","@graph":[{"@type":"Article","@id":"https:\/\/www.sskb.sk\/2022\/nove-prva-aktualizacia-3-strategickej-konferencie-eflm\/#article","isPartOf":{"@id":"https:\/\/www.sskb.sk\/2022\/nove-prva-aktualizacia-3-strategickej-konferencie-eflm\/"},"author":{"name":"J\u00e1n Balla","@id":"https:\/\/www.sskb.sk\/2022\/#\/schema\/person\/9e78ad8c062b09f751f66cbe1d1cd85d"},"headline":"Prv\u00e1 aktualiz\u00e1cia 3.strategickej konferencie EFLM","datePublished":"2022-03-03T20:55:13+00:00","dateModified":"2022-03-24T11:04:35+00:00","mainEntityOfPage":{"@id":"https:\/\/www.sskb.sk\/2022\/nove-prva-aktualizacia-3-strategickej-konferencie-eflm\/"},"wordCount":244,"publisher":{"@id":"https:\/\/www.sskb.sk\/2022\/#organization"},"articleSection":["Info z EFLM a IFCC"],"inLanguage":"sk-SK"},{"@type":"WebPage","@id":"https:\/\/www.sskb.sk\/2022\/nove-prva-aktualizacia-3-strategickej-konferencie-eflm\/","url":"https:\/\/www.sskb.sk\/2022\/nove-prva-aktualizacia-3-strategickej-konferencie-eflm\/","name":"Prv\u00e1 aktualiz\u00e1cia 3.strategickej konferencie EFLM - SSKB SLS","isPartOf":{"@id":"https:\/\/www.sskb.sk\/2022\/#website"},"datePublished":"2022-03-03T20:55:13+00:00","dateModified":"2022-03-24T11:04:35+00:00","breadcrumb":{"@id":"https:\/\/www.sskb.sk\/2022\/nove-prva-aktualizacia-3-strategickej-konferencie-eflm\/#breadcrumb"},"inLanguage":"sk-SK","potentialAction":[{"@type":"ReadAction","target":["https:\/\/www.sskb.sk\/2022\/nove-prva-aktualizacia-3-strategickej-konferencie-eflm\/"]}]},{"@type":"BreadcrumbList","@id":"https:\/\/www.sskb.sk\/2022\/nove-prva-aktualizacia-3-strategickej-konferencie-eflm\/#breadcrumb","itemListElement":[{"@type":"ListItem","position":1,"name":"Domovsk\u00e1 str\u00e1nka","item":"https:\/\/www.sskb.sk\/2022\/"},{"@type":"ListItem","position":2,"name":"Prv\u00e1 aktualiz\u00e1cia 3.strategickej konferencie EFLM"}]},{"@type":"WebSite","@id":"https:\/\/www.sskb.sk\/2022\/#website","url":"https:\/\/www.sskb.sk\/2022\/","name":"SSKB SLS","description":"Slovensk\u00e1 spolo\u010dnos\u0165 klinickej bioch\u00e9mie","publisher":{"@id":"https:\/\/www.sskb.sk\/2022\/#organization"},"potentialAction":[{"@type":"SearchAction","target":{"@type":"EntryPoint","urlTemplate":"https:\/\/www.sskb.sk\/2022\/?s={search_term_string}"},"query-input":{"@type":"PropertyValueSpecification","valueRequired":true,"valueName":"search_term_string"}}],"inLanguage":"sk-SK"},{"@type":"Organization","@id":"https:\/\/www.sskb.sk\/2022\/#organization","name":"SSKB SLS","url":"https:\/\/www.sskb.sk\/2022\/","logo":{"@type":"ImageObject","inLanguage":"sk-SK","@id":"https:\/\/www.sskb.sk\/2022\/#\/schema\/logo\/image\/","url":"https:\/\/www.sskb.sk\/2022\/wp-content\/uploads\/2022\/09\/logo_klinicka-biochemia_SK-100.png","contentUrl":"https:\/\/www.sskb.sk\/2022\/wp-content\/uploads\/2022\/09\/logo_klinicka-biochemia_SK-100.png","width":100,"height":98,"caption":"SSKB SLS"},"image":{"@id":"https:\/\/www.sskb.sk\/2022\/#\/schema\/logo\/image\/"}},{"@type":"Person","@id":"https:\/\/www.sskb.sk\/2022\/#\/schema\/person\/9e78ad8c062b09f751f66cbe1d1cd85d","name":"J\u00e1n Balla","url":"https:\/\/www.sskb.sk\/2022\/author\/balla\/"}]}},"_links":{"self":[{"href":"https:\/\/www.sskb.sk\/2022\/wp-json\/wp\/v2\/posts\/3503","targetHints":{"allow":["GET"]}}],"collection":[{"href":"https:\/\/www.sskb.sk\/2022\/wp-json\/wp\/v2\/posts"}],"about":[{"href":"https:\/\/www.sskb.sk\/2022\/wp-json\/wp\/v2\/types\/post"}],"author":[{"embeddable":true,"href":"https:\/\/www.sskb.sk\/2022\/wp-json\/wp\/v2\/users\/6"}],"replies":[{"embeddable":true,"href":"https:\/\/www.sskb.sk\/2022\/wp-json\/wp\/v2\/comments?post=3503"}],"version-history":[{"count":5,"href":"https:\/\/www.sskb.sk\/2022\/wp-json\/wp\/v2\/posts\/3503\/revisions"}],"predecessor-version":[{"id":3527,"href":"https:\/\/www.sskb.sk\/2022\/wp-json\/wp\/v2\/posts\/3503\/revisions\/3527"}],"wp:attachment":[{"href":"https:\/\/www.sskb.sk\/2022\/wp-json\/wp\/v2\/media?parent=3503"}],"wp:term":[{"taxonomy":"category","embeddable":true,"href":"https:\/\/www.sskb.sk\/2022\/wp-json\/wp\/v2\/categories?post=3503"},{"taxonomy":"post_tag","embeddable":true,"href":"https:\/\/www.sskb.sk\/2022\/wp-json\/wp\/v2\/tags?post=3503"}],"curies":[{"name":"wp","href":"https:\/\/api.w.org\/{rel}","templated":true}]}}