{"id":8880,"date":"2024-01-11T19:25:11","date_gmt":"2024-01-11T18:25:11","guid":{"rendered":"https:\/\/www.sskb.sk\/2022\/?p=8880"},"modified":"2024-07-16T12:13:55","modified_gmt":"2024-07-16T11:13:55","slug":"prihovor-noveho-prezidenta-eflm","status":"publish","type":"post","link":"https:\/\/www.sskb.sk\/2022\/prihovor-noveho-prezidenta-eflm\/","title":{"rendered":"Pr\u00edhovor nov\u00e9ho prezidenta EFLM"},"content":{"rendered":"\n<p class=\"has-vivid-cyan-blue-color has-text-color has-medium-font-size\"><\/p>\n\n\n\n<div class=\"wp-block-columns are-vertically-aligned-top is-layout-flex wp-container-core-columns-is-layout-28f84493 wp-block-columns-is-layout-flex\">\n<div class=\"wp-block-column is-layout-flow wp-block-column-is-layout-flow\" style=\"flex-basis:50%\">\n<div class=\"wp-block-media-text is-stacked-on-mobile\"><figure class=\"wp-block-media-text__media\"><img fetchpriority=\"high\" decoding=\"async\" width=\"500\" height=\"500\" src=\"https:\/\/www.sskb.sk\/2022\/wp-content\/uploads\/2024\/01\/Mario-Plebani.pg_.jpg\" alt=\"\" class=\"wp-image-8882 size-full\" srcset=\"https:\/\/www.sskb.sk\/2022\/wp-content\/uploads\/2024\/01\/Mario-Plebani.pg_.jpg 500w, https:\/\/www.sskb.sk\/2022\/wp-content\/uploads\/2024\/01\/Mario-Plebani.pg_-300x300.jpg 300w, https:\/\/www.sskb.sk\/2022\/wp-content\/uploads\/2024\/01\/Mario-Plebani.pg_-150x150.jpg 150w\" sizes=\"(max-width: 500px) 100vw, 500px\" \/><\/figure><div class=\"wp-block-media-text__content\">\n<h2 class=\"wp-block-heading has-black-color has-text-color has-small-font-size\"><strong>Prof Mario Plebani <\/strong><\/h2>\n\n\n\n<h2 class=\"wp-block-heading has-black-color has-text-color has-small-font-size\"><strong>Prezident EFLM <\/strong><\/h2>\n\n\n\n<h2 class=\"wp-block-heading has-black-color has-text-color has-small-font-size\"><strong>2024-2025<\/strong><\/h2>\n<\/div><\/div>\n<\/div>\n<\/div>\n\n\n\n<p class=\"has-text-color has-medium-font-size\" style=\"color:#02022f\"><strong>V\u00e1\u017een\u00ed kolegovia a priatelia<\/strong>.<\/p>\n\n\n\n<p class=\"has-text-color has-medium-font-size\" style=\"color:#02022f\">Som r\u00e1d, \u017ee m\u00f4\u017eem sl\u00fa\u017ei\u0165 komunite Eur\u00f3pskej feder\u00e1cie laborat\u00f3rnej medic\u00edny (EFLM) ako nov\u00fd prezident jej V\u00fdkonnej rady (EB). Je to pre m\u0148a ve\u013ek\u00e1 \u010des\u0165 a privil\u00e9gium a som pripraven\u00fd prevzia\u0165 ved\u00facu \u00falohu a podporu rovnako motivovan\u00fdch \u010dlenov V\u00fdkonnej rady. Za posledn\u00e9 dva roky som si ve\u013emi u\u017e\u00edval a v\u00e1\u017eil si ducha spolupr\u00e1ce v r\u00e1mci V\u00fdkonnej rady a priate\u013estvo medzi v\u0161etk\u00fdmi \u010dlenmi. Ve\u013emi dobre si v\u0161ak uvedomujem, \u017ee prevzia\u0165 \u00falohu prezidenta EFLM od Tomris Ozbenovej, ktor\u00e1 toho po\u010das svojho funk\u010dn\u00e9ho obdobia stihla tak ve\u013ea, nebude \u013eahk\u00e9. Chcem jej zablaho\u017eela\u0165 k jej nad\u0161enej a nevy\u010derpate\u013enej aktivite venovanej rozvoju a implement\u00e1cia inovat\u00edvnych projektov, ak\u00fdmi s\u00fa \u201eZelen\u00e9 a\u00a0trvalo udr\u017eate\u013en\u00e9 medic\u00ednske laborat\u00f3ri\u00e1\u201c, o ktor\u00e9 je na medzin\u00e1rodnej \u00farovni \u010doraz v\u00e4\u010d\u0161\u00ed z\u00e1ujem, najm\u00e4 po zaveden\u00ed ich certifik\u00e1cie. <strong>Tomris Ozbenov\u00e1<\/strong> \u00a0navy\u0161e presadila vo feder\u00e1cii nov\u00e9 funk\u010dn\u00e9 jednotky zalo\u017een\u00e9 na oddanej pr\u00e1ci mnoh\u00fdch \u010dlenov, programe akredit\u00e1cie podujat\u00ed \u010fal\u0161ieho vzdel\u00e1vania (CPECS) a navrhla aj nov\u00fd \u0161tat\u00fat firemn\u00e9ho \u010dlenstva.<\/p>\n\n\n\n<p class=\"has-text-color has-medium-font-size\" style=\"color:#02022f\">Je v\u0161ak potrebn\u00e9 urobi\u0165 e\u0161te viac. Zdravotn\u00e9 syst\u00e9my maj\u00fa probl\u00e9my, klinick\u00e9 laborat\u00f3ri\u00e1 maj\u00fa probl\u00e9my a pacienti maj\u00fa probl\u00e9my. Je to hlavne kv\u00f4li po\u010detn\u00fdm v\u00fdzvam, ktor\u00fdm \u010del\u00edme: ekonomick\u00fd tlak ovplyv\u0148uje invest\u00edcie do zdravotn\u00edckeho sektora, a&nbsp;vojny, ktor\u00e9 vpl\u00fdvaj\u00fa na \u010dlenov na\u0161ich n\u00e1rodn\u00fdch spolo\u010dnost\u00ed, nehovoriac o \u00fa\u010dinkoch klimatick\u00fdch zmien. Okrem toho je hodnota laborat\u00f3rnej medic\u00edny podce\u0148ovan\u00e1, a to aj napriek skuto\u010dnosti, \u017ee po\u010das pand\u00e9mie COVID-19 nov\u00e9 a spo\u013eahliv\u00e9 d\u00f4kazy zd\u00f4raznili jej d\u00f4le\u017eit\u00fa \u00falohu, ktor\u00fa zohr\u00e1va na\u0161a discipl\u00edna pri pomoci jednotliv\u00fdm pacientom a komunite ako takej. Teraz, viac ako kedyko\u013evek predt\u00fdm, potrebujeme, aby komunita laborat\u00f3rnej medic\u00edny zv\u00fd\u0161ila svoje \u00fasilie a spolupracovala s cie\u013eom vytvori\u0165 kritick\u00fa silu, ktor\u00e1 je siln\u00e1, vidite\u013en\u00e1 a efekt\u00edvna pri pos\u00favan\u00ed laborat\u00f3rnych slu\u017eieb na \u00farovne potrebn\u00e9 na u\u013eah\u010denie \u00fa\u010dinn\u00fdch, efekt\u00edvnych a vhodn\u00fdch strat\u00e9gi\u00ed zdravotnej starostlivosti a hodnotn\u00e9 pacientske diagnosticko-terapeutick\u00e9 cesty. Ako nastupuj\u00faci prezident budem uprednost\u0148ova\u0165 \u00falohu EFLM, pri\u010dom sa budem sna\u017ei\u0165 nastoli\u0165 procesy, ktor\u00e9 priamo podporuj\u00fa a u\u013eah\u010duj\u00fa kroky, ktor\u00e9 s\u00fa najd\u00f4le\u017eitej\u0161ie pre na\u0161ich \u010dlenov a pre profesiu; patr\u00ed k nim dosiahnutie vhodnej a primeranej pracovnej sily, podnecovanie nov\u00fdch povolan\u00ed a kari\u00e9rny rozvoj mlad\u00fdch vedcov, snaha o zlep\u0161enie novej eur\u00f3pskej smernice \u201eIn vitro diagnostike (IVDR)\u201c a podpora harmoniz\u00e1cie a \u0161tandardiz\u00e1cie v laborat\u00f3rnej medic\u00edne s cie\u013eom zabezpe\u010di\u0165 porovnate\u013enos\u0165 laborat\u00f3rnych inform\u00e1ci\u00ed. Ako nap\u00edsal Virgilio \u201emens agitat molem\u201c, veda a v\u00edzia s\u00fa jedin\u00fdmi spr\u00e1vnymi n\u00e1strojmi, ako sa vyrovna\u0165 so s\u00fa\u010dasn\u00fdmi v\u00fdzvami a zabezpe\u010di\u0165 svetl\u00fa bud\u00facnos\u0165 pre na\u0161ich odborn\u00edkov v odbore a laborat\u00f3ri\u00e1ch.<\/p>\n\n\n\n<p class=\"has-text-color has-medium-font-size\" style=\"color:#02022f\">Aby som prispel k \u010fal\u0161iemu rozvoju EFLM, r\u00e1d by som sa s vami podelil o nieko\u013eko k\u013e\u00fa\u010dov\u00fdch ot\u00e1zok, ktor\u00fdm sa chcem po\u010das svojho funk\u010dn\u00e9ho obdobia venova\u0165:<\/p>\n\n\n\n<p class=\"has-text-color has-medium-font-size\" style=\"color:#02022f\">a) Po diskusii s EB som kone\u010dne pripravil program pre 4. strategick\u00fa konferenciu EFLM, ktor\u00e1 sa bude kona\u0165 23. \u2013 24. septembra 2024. Toto hybridn\u00e9 podujatie s n\u00e1zvom \u201eV\u00edzia do bud\u00facnosti: hodnotovo zalo\u017een\u00e1 laborat\u00f3rna medic\u00edna\u201c by malo z\u00edska\u0165 \u0161irok\u00fa \u00fa\u010das\u0165 (virtu\u00e1lnu) a umo\u017e\u0148uj\u00fa interakt\u00edvnu diskusiu (osobne v Padove-Taliansko). \u0160tyri sekcie sa bud\u00fa zaobera\u0165<\/p>\n\n\n\n<p class=\"has-text-color has-medium-font-size\" style=\"color:#02022f\">1) vytv\u00e1ran\u00edm hodnoty pre u\u017e\u00edvate\u013eov,<\/p>\n\n\n\n<p class=\"has-text-color has-medium-font-size\" style=\"color:#02022f\">2) zmenou organiz\u00e1cie,<\/p>\n\n\n\n<p class=\"has-text-color has-medium-font-size\" style=\"color:#02022f\">3) rie\u0161en\u00edm etick\u00fdch aspektov v laborat\u00f3rnej medic\u00edne, a<\/p>\n\n\n\n<p class=\"has-text-color has-medium-font-size\" style=\"color:#02022f\">4) bud\u00facnos\u0165ou laborat\u00f3rnych odborn\u00edkov.<\/p>\n\n\n\n<p class=\"has-text-color has-medium-font-size\" style=\"color:#02022f\">Hlavn\u00fdm cie\u013eom konferencie je<\/p>\n\n\n\n<p class=\"has-text-color has-medium-font-size\" style=\"color:#02022f\">a\/ Aktivova\u0165 alebo posilni\u0165 pracovn\u00e9 skupiny s cie\u013eom efekt\u00edvne rie\u0161i\u0165 pr\u00e1cu EFLM zameran\u00edm sa na strategick\u00e9 ciele. D\u00fafam v \u0161irok\u00fa a pozorn\u00fa \u00fa\u010das\u0165 mnoh\u00fdch kolegov.<\/p>\n\n\n\n<p class=\"has-text-color has-medium-font-size\" style=\"color:#02022f\">b) Reorganiz\u00e1cia pr\u00e1ce s\u00fa\u010dasn\u00fdch pracovn\u00fdch skup\u00edn (WG) a Task and Finish Groups s cie\u013eom zabezpe\u010di\u0165 efekt\u00edvnos\u0165 a&nbsp;efektivitu.<\/p>\n\n\n\n<p class=\"has-text-color has-medium-font-size\" style=\"color:#02022f\">c) Zv\u00fd\u0161enie po\u010dtu \u010dlenov EFLM Academy.<\/p>\n\n\n\n<p class=\"has-text-color has-medium-font-size\" style=\"color:#02022f\">d) Podpora projektu certifik\u00e1cie zelen\u00fdch a udr\u017eate\u013en\u00fdch medic\u00ednskych laborat\u00f3ri\u00ed.<\/p>\n\n\n\n<p class=\"has-text-color has-medium-font-size\" style=\"color:#02022f\">e) Podpora projektov harmoniz\u00e1cie v procese celkov\u00e9ho testovania.<\/p>\n\n\n\n<p class=\"has-text-color has-medium-font-size\" style=\"color:#02022f\">f) Podpora u\u017e\u0161ej spolupr\u00e1ce s klinick\u00fdmi vedeck\u00fdmi spolo\u010dnos\u0165ami a \u010fal\u0161\u00ed rozvoj konceptu \u201eIntegrovanej diagnostiky\u201c a spolupr\u00e1ca s Biomedical Alliance a \u010fal\u0161\u00edmi asoci\u00e1ciami\/ org\u00e1nmi, ktor\u00e9 predstavuj\u00fa pokrok v biomedic\u00ednskom v\u00fdskume v&nbsp;Eur\u00f3pe.<\/p>\n\n\n\n<p class=\"has-text-color has-medium-font-size\" style=\"color:#02022f\">g) Podpora \u00fasilia v oblasti regula\u010dnej vedy, konkr\u00e9tne diskusie o novom nariaden\u00ed E\u00da o \u201e<em>in vitro diagnostike<\/em> (IVDR), najm\u00e4 pokia\u013e ide o&nbsp;testy vyvinut\u00e9 v&nbsp;laborat\u00f3riu (LDT).<\/p>\n\n\n\n<p class=\"has-text-color has-medium-font-size\" style=\"color:#02022f\">h) Povzbudzovanie mlad\u00fdch vedcov, aby \u010doraz viac zohr\u00e1vali z\u00e1sadn\u00fa \u00falohu v \u010dinnostiach EFLM, podpora ich a ostatn\u00fdch \u010dlenov EFLM \u0161tipendiami a cenami za \u00fa\u010das\u0165 na n\u00e1rodn\u00fdch a medzin\u00e1rodn\u00fdch vedeck\u00fdch podujatiach.<\/p>\n\n\n\n<p class=\"has-text-color has-medium-font-size\" style=\"color:#02022f\">Na z\u00e1ver by som r\u00e1d po\u010fakoval v\u0161etk\u00fdm predch\u00e1dzaj\u00facim prezidentom EFLM, \u010dlenom V\u00fdkonnej rady a funkcion\u00e1rom funk\u010dn\u00fdch jednotiek za ich dobrovo\u013en\u00fa slu\u017ebu, pr\u00edspevok a \u00fasilie pri budovan\u00ed \u010doraz silnej\u0161ej a vidite\u013enej\u0161ej feder\u00e1cie, ktor\u00e1 sl\u00fa\u017ei v\u0161etk\u00fdm \u010dlenom a poskytuje ved\u00face postavenie v laborat\u00f3rnej medic\u00edne v Eur\u00f3pe a mimo nej. Predov\u0161etk\u00fdm by som chcel zablaho\u017eela\u0165 odch\u00e1dzaj\u00facej &nbsp;\u010dlenke V\u00fdkonnej rady, <strong>Ana-Marii \u0160imundi\u010dovej<\/strong>, ktor\u00e1 pre EFLM ako prezidentka po\u010das dvojro\u010dn\u00e9ho mand\u00e1tu a tie\u017e \u010dlenka EB EFLM po\u010das 15 rokov dosiahla tak ve\u013ea! \u010eakujem ve\u013emi pekne Ana-Maria!<\/p>\n\n\n\n<p class=\"has-text-color has-medium-font-size\" style=\"color:#02022f\">Po\u010das m\u00f4jho funk\u010dn\u00e9ho obdobia m\u00e1m v \u00famysle pozorne po\u010d\u00fava\u0165 hlasy v\u0161etk\u00fdch n\u00e1rodn\u00fdch spolo\u010dnost\u00ed a \u010dlenov, prij\u00edma\u0165 n\u00e1vrhy, kritiku a odpor\u00fa\u010dania, preto\u017ee si uvedomujem, \u017ee to podpor\u00ed zos\u00faladenie programu EFLM so skuto\u010dn\u00fdmi potrebami laborat\u00f3rnych odborn\u00edkov a d\u00fafam, pom\u00f4\u017ee n\u00e1m v\u0161etk\u00fdm dosiahnu\u0165 na\u0161e spolo\u010dn\u00e9 ciele.<\/p>\n\n\n\n<p class=\"has-text-color has-medium-font-size\" style=\"color:#02022f\">Na z\u00e1ver mi dovo\u013ete vyjadri\u0165 v\u010faku <strong>Silvii Cattaneo a Silvii Terragni<\/strong>, ktor\u00e9 pracuj\u00fa na sekretari\u00e1te EFLM, ktor\u00e9 istotne maj\u00fa ve\u013ek\u00fa hodnotu pre feder\u00e1ciu a pre v\u0161etk\u00fdch \u010dlenov. Te\u0161\u00edm sa na plodn\u00fa spolupr\u00e1cu s \u010dlenmi EB EFLM, predstavite\u013emi n\u00e1rodn\u00fdch spolo\u010dnost\u00ed a \u010fal\u0161\u00edmi zainteresovan\u00fdmi stranami v prebiehaj\u00facich a bud\u00facich aktivit\u00e1ch EFLM.<\/p>\n\n\n\n<p class=\"has-text-color has-medium-font-size\" style=\"color:#02022f\">Prajem v\u00e1m v\u0161etk\u00fdm kr\u00e1sny, \u0161\u0165astn\u00fd a prosperuj\u00faci rok 2024.<\/p>\n\n\n\n<p class=\"has-text-color has-medium-font-size\" style=\"color:#02022f\">S pozdravom<\/p>\n\n\n\n<p class=\"has-text-color has-medium-font-size\" style=\"color:#02022f\">V\u00e1\u0161<\/p>\n\n\n\n<p class=\"has-text-color has-medium-font-size\" style=\"color:#02022f\">Mario Plebani, prezident EFLM<\/p>\n","protected":false},"excerpt":{"rendered":"<p>Prof Mario Plebani Prezident EFLM 2024-2025 V\u00e1\u017een\u00ed kolegovia a priatelia. Som r\u00e1d, \u017ee m\u00f4\u017eem sl\u00fa\u017ei\u0165 komunite Eur\u00f3pskej feder\u00e1cie laborat\u00f3rnej medic\u00edny (EFLM) ako nov\u00fd prezident jej V\u00fdkonnej rady (EB). Je to pre m\u0148a ve\u013ek\u00e1 \u010des\u0165 a privil\u00e9gium a som pripraven\u00fd prevzia\u0165 ved\u00facu \u00falohu a podporu rovnako motivovan\u00fdch \u010dlenov V\u00fdkonnej rady. Za posledn\u00e9 dva roky som si [&hellip;]<\/p>\n","protected":false},"author":6,"featured_media":0,"comment_status":"closed","ping_status":"open","sticky":false,"template":"","format":"standard","meta":{"footnotes":""},"categories":[8],"tags":[],"class_list":["post-8880","post","type-post","status-publish","format-standard","hentry","category-informacie-z-eflm-a-ifcc"],"yoast_head":"<!-- This site is optimized with the Yoast SEO plugin v27.4 - https:\/\/yoast.com\/product\/yoast-seo-wordpress\/ -->\n<title>Pr\u00edhovor nov\u00e9ho prezidenta EFLM - SSKB SLS<\/title>\n<meta name=\"robots\" content=\"index, follow, max-snippet:-1, max-image-preview:large, max-video-preview:-1\" \/>\n<link rel=\"canonical\" href=\"https:\/\/www.sskb.sk\/2022\/prihovor-noveho-prezidenta-eflm\/\" \/>\n<meta property=\"og:locale\" content=\"sk_SK\" \/>\n<meta property=\"og:type\" content=\"article\" \/>\n<meta property=\"og:title\" content=\"Pr\u00edhovor nov\u00e9ho prezidenta EFLM - SSKB SLS\" \/>\n<meta property=\"og:description\" content=\"Prof Mario Plebani Prezident EFLM 2024-2025 V\u00e1\u017een\u00ed kolegovia a priatelia. Som r\u00e1d, \u017ee m\u00f4\u017eem sl\u00fa\u017ei\u0165 komunite Eur\u00f3pskej feder\u00e1cie laborat\u00f3rnej medic\u00edny (EFLM) ako nov\u00fd prezident jej V\u00fdkonnej rady (EB). Je to pre m\u0148a ve\u013ek\u00e1 \u010des\u0165 a privil\u00e9gium a som pripraven\u00fd prevzia\u0165 ved\u00facu \u00falohu a podporu rovnako motivovan\u00fdch \u010dlenov V\u00fdkonnej rady. Za posledn\u00e9 dva roky som si [&hellip;]\" \/>\n<meta property=\"og:url\" content=\"https:\/\/www.sskb.sk\/2022\/prihovor-noveho-prezidenta-eflm\/\" \/>\n<meta property=\"og:site_name\" content=\"SSKB SLS\" \/>\n<meta property=\"article:published_time\" content=\"2024-01-11T18:25:11+00:00\" \/>\n<meta property=\"article:modified_time\" content=\"2024-07-16T11:13:55+00:00\" \/>\n<meta property=\"og:image\" content=\"https:\/\/www.sskb.sk\/2022\/wp-content\/uploads\/2024\/01\/Mario-Plebani.pg_.jpg\" \/>\n<meta name=\"author\" content=\"J\u00e1n Balla\" \/>\n<meta name=\"twitter:card\" content=\"summary_large_image\" \/>\n<meta name=\"twitter:label1\" content=\"Autor\" \/>\n\t<meta name=\"twitter:data1\" content=\"J\u00e1n Balla\" \/>\n\t<meta name=\"twitter:label2\" content=\"Predpokladan\u00fd \u010das \u010d\u00edtania\" \/>\n\t<meta name=\"twitter:data2\" content=\"5 min\u00fat\" \/>\n<script type=\"application\/ld+json\" class=\"yoast-schema-graph\">{\"@context\":\"https:\\\/\\\/schema.org\",\"@graph\":[{\"@type\":\"Article\",\"@id\":\"https:\\\/\\\/www.sskb.sk\\\/2022\\\/prihovor-noveho-prezidenta-eflm\\\/#article\",\"isPartOf\":{\"@id\":\"https:\\\/\\\/www.sskb.sk\\\/2022\\\/prihovor-noveho-prezidenta-eflm\\\/\"},\"author\":{\"name\":\"J\u00e1n Balla\",\"@id\":\"https:\\\/\\\/www.sskb.sk\\\/2022\\\/#\\\/schema\\\/person\\\/9e78ad8c062b09f751f66cbe1d1cd85d\"},\"headline\":\"Pr\u00edhovor nov\u00e9ho prezidenta EFLM\",\"datePublished\":\"2024-01-11T18:25:11+00:00\",\"dateModified\":\"2024-07-16T11:13:55+00:00\",\"mainEntityOfPage\":{\"@id\":\"https:\\\/\\\/www.sskb.sk\\\/2022\\\/prihovor-noveho-prezidenta-eflm\\\/\"},\"wordCount\":1162,\"publisher\":{\"@id\":\"https:\\\/\\\/www.sskb.sk\\\/2022\\\/#organization\"},\"image\":{\"@id\":\"https:\\\/\\\/www.sskb.sk\\\/2022\\\/prihovor-noveho-prezidenta-eflm\\\/#primaryimage\"},\"thumbnailUrl\":\"https:\\\/\\\/www.sskb.sk\\\/2022\\\/wp-content\\\/uploads\\\/2024\\\/01\\\/Mario-Plebani.pg_.jpg\",\"articleSection\":[\"Info z EFLM a IFCC\"],\"inLanguage\":\"sk-SK\"},{\"@type\":\"WebPage\",\"@id\":\"https:\\\/\\\/www.sskb.sk\\\/2022\\\/prihovor-noveho-prezidenta-eflm\\\/\",\"url\":\"https:\\\/\\\/www.sskb.sk\\\/2022\\\/prihovor-noveho-prezidenta-eflm\\\/\",\"name\":\"Pr\u00edhovor nov\u00e9ho prezidenta EFLM - SSKB SLS\",\"isPartOf\":{\"@id\":\"https:\\\/\\\/www.sskb.sk\\\/2022\\\/#website\"},\"primaryImageOfPage\":{\"@id\":\"https:\\\/\\\/www.sskb.sk\\\/2022\\\/prihovor-noveho-prezidenta-eflm\\\/#primaryimage\"},\"image\":{\"@id\":\"https:\\\/\\\/www.sskb.sk\\\/2022\\\/prihovor-noveho-prezidenta-eflm\\\/#primaryimage\"},\"thumbnailUrl\":\"https:\\\/\\\/www.sskb.sk\\\/2022\\\/wp-content\\\/uploads\\\/2024\\\/01\\\/Mario-Plebani.pg_.jpg\",\"datePublished\":\"2024-01-11T18:25:11+00:00\",\"dateModified\":\"2024-07-16T11:13:55+00:00\",\"breadcrumb\":{\"@id\":\"https:\\\/\\\/www.sskb.sk\\\/2022\\\/prihovor-noveho-prezidenta-eflm\\\/#breadcrumb\"},\"inLanguage\":\"sk-SK\",\"potentialAction\":[{\"@type\":\"ReadAction\",\"target\":[\"https:\\\/\\\/www.sskb.sk\\\/2022\\\/prihovor-noveho-prezidenta-eflm\\\/\"]}]},{\"@type\":\"ImageObject\",\"inLanguage\":\"sk-SK\",\"@id\":\"https:\\\/\\\/www.sskb.sk\\\/2022\\\/prihovor-noveho-prezidenta-eflm\\\/#primaryimage\",\"url\":\"https:\\\/\\\/www.sskb.sk\\\/2022\\\/wp-content\\\/uploads\\\/2024\\\/01\\\/Mario-Plebani.pg_.jpg\",\"contentUrl\":\"https:\\\/\\\/www.sskb.sk\\\/2022\\\/wp-content\\\/uploads\\\/2024\\\/01\\\/Mario-Plebani.pg_.jpg\",\"width\":500,\"height\":500},{\"@type\":\"BreadcrumbList\",\"@id\":\"https:\\\/\\\/www.sskb.sk\\\/2022\\\/prihovor-noveho-prezidenta-eflm\\\/#breadcrumb\",\"itemListElement\":[{\"@type\":\"ListItem\",\"position\":1,\"name\":\"Domovsk\u00e1 str\u00e1nka\",\"item\":\"https:\\\/\\\/www.sskb.sk\\\/2022\\\/\"},{\"@type\":\"ListItem\",\"position\":2,\"name\":\"Pr\u00edhovor nov\u00e9ho prezidenta EFLM\"}]},{\"@type\":\"WebSite\",\"@id\":\"https:\\\/\\\/www.sskb.sk\\\/2022\\\/#website\",\"url\":\"https:\\\/\\\/www.sskb.sk\\\/2022\\\/\",\"name\":\"SSKB SLS\",\"description\":\"Slovensk\u00e1 spolo\u010dnos\u0165 klinickej bioch\u00e9mie\",\"publisher\":{\"@id\":\"https:\\\/\\\/www.sskb.sk\\\/2022\\\/#organization\"},\"potentialAction\":[{\"@type\":\"SearchAction\",\"target\":{\"@type\":\"EntryPoint\",\"urlTemplate\":\"https:\\\/\\\/www.sskb.sk\\\/2022\\\/?s={search_term_string}\"},\"query-input\":{\"@type\":\"PropertyValueSpecification\",\"valueRequired\":true,\"valueName\":\"search_term_string\"}}],\"inLanguage\":\"sk-SK\"},{\"@type\":\"Organization\",\"@id\":\"https:\\\/\\\/www.sskb.sk\\\/2022\\\/#organization\",\"name\":\"SSKB SLS\",\"url\":\"https:\\\/\\\/www.sskb.sk\\\/2022\\\/\",\"logo\":{\"@type\":\"ImageObject\",\"inLanguage\":\"sk-SK\",\"@id\":\"https:\\\/\\\/www.sskb.sk\\\/2022\\\/#\\\/schema\\\/logo\\\/image\\\/\",\"url\":\"https:\\\/\\\/www.sskb.sk\\\/2022\\\/wp-content\\\/uploads\\\/2022\\\/09\\\/logo_klinicka-biochemia_SK-100.png\",\"contentUrl\":\"https:\\\/\\\/www.sskb.sk\\\/2022\\\/wp-content\\\/uploads\\\/2022\\\/09\\\/logo_klinicka-biochemia_SK-100.png\",\"width\":100,\"height\":98,\"caption\":\"SSKB SLS\"},\"image\":{\"@id\":\"https:\\\/\\\/www.sskb.sk\\\/2022\\\/#\\\/schema\\\/logo\\\/image\\\/\"}},{\"@type\":\"Person\",\"@id\":\"https:\\\/\\\/www.sskb.sk\\\/2022\\\/#\\\/schema\\\/person\\\/9e78ad8c062b09f751f66cbe1d1cd85d\",\"name\":\"J\u00e1n Balla\",\"url\":\"https:\\\/\\\/www.sskb.sk\\\/2022\\\/author\\\/balla\\\/\"}]}<\/script>\n<!-- \/ Yoast SEO plugin. -->","yoast_head_json":{"title":"Pr\u00edhovor nov\u00e9ho prezidenta EFLM - SSKB SLS","robots":{"index":"index","follow":"follow","max-snippet":"max-snippet:-1","max-image-preview":"max-image-preview:large","max-video-preview":"max-video-preview:-1"},"canonical":"https:\/\/www.sskb.sk\/2022\/prihovor-noveho-prezidenta-eflm\/","og_locale":"sk_SK","og_type":"article","og_title":"Pr\u00edhovor nov\u00e9ho prezidenta EFLM - SSKB SLS","og_description":"Prof Mario Plebani Prezident EFLM 2024-2025 V\u00e1\u017een\u00ed kolegovia a priatelia. Som r\u00e1d, \u017ee m\u00f4\u017eem sl\u00fa\u017ei\u0165 komunite Eur\u00f3pskej feder\u00e1cie laborat\u00f3rnej medic\u00edny (EFLM) ako nov\u00fd prezident jej V\u00fdkonnej rady (EB). Je to pre m\u0148a ve\u013ek\u00e1 \u010des\u0165 a privil\u00e9gium a som pripraven\u00fd prevzia\u0165 ved\u00facu \u00falohu a podporu rovnako motivovan\u00fdch \u010dlenov V\u00fdkonnej rady. Za posledn\u00e9 dva roky som si [&hellip;]","og_url":"https:\/\/www.sskb.sk\/2022\/prihovor-noveho-prezidenta-eflm\/","og_site_name":"SSKB SLS","article_published_time":"2024-01-11T18:25:11+00:00","article_modified_time":"2024-07-16T11:13:55+00:00","og_image":[{"url":"https:\/\/www.sskb.sk\/2022\/wp-content\/uploads\/2024\/01\/Mario-Plebani.pg_.jpg","type":"","width":"","height":""}],"author":"J\u00e1n Balla","twitter_card":"summary_large_image","twitter_misc":{"Autor":"J\u00e1n Balla","Predpokladan\u00fd \u010das \u010d\u00edtania":"5 min\u00fat"},"schema":{"@context":"https:\/\/schema.org","@graph":[{"@type":"Article","@id":"https:\/\/www.sskb.sk\/2022\/prihovor-noveho-prezidenta-eflm\/#article","isPartOf":{"@id":"https:\/\/www.sskb.sk\/2022\/prihovor-noveho-prezidenta-eflm\/"},"author":{"name":"J\u00e1n Balla","@id":"https:\/\/www.sskb.sk\/2022\/#\/schema\/person\/9e78ad8c062b09f751f66cbe1d1cd85d"},"headline":"Pr\u00edhovor nov\u00e9ho prezidenta EFLM","datePublished":"2024-01-11T18:25:11+00:00","dateModified":"2024-07-16T11:13:55+00:00","mainEntityOfPage":{"@id":"https:\/\/www.sskb.sk\/2022\/prihovor-noveho-prezidenta-eflm\/"},"wordCount":1162,"publisher":{"@id":"https:\/\/www.sskb.sk\/2022\/#organization"},"image":{"@id":"https:\/\/www.sskb.sk\/2022\/prihovor-noveho-prezidenta-eflm\/#primaryimage"},"thumbnailUrl":"https:\/\/www.sskb.sk\/2022\/wp-content\/uploads\/2024\/01\/Mario-Plebani.pg_.jpg","articleSection":["Info z EFLM a IFCC"],"inLanguage":"sk-SK"},{"@type":"WebPage","@id":"https:\/\/www.sskb.sk\/2022\/prihovor-noveho-prezidenta-eflm\/","url":"https:\/\/www.sskb.sk\/2022\/prihovor-noveho-prezidenta-eflm\/","name":"Pr\u00edhovor nov\u00e9ho prezidenta EFLM - SSKB SLS","isPartOf":{"@id":"https:\/\/www.sskb.sk\/2022\/#website"},"primaryImageOfPage":{"@id":"https:\/\/www.sskb.sk\/2022\/prihovor-noveho-prezidenta-eflm\/#primaryimage"},"image":{"@id":"https:\/\/www.sskb.sk\/2022\/prihovor-noveho-prezidenta-eflm\/#primaryimage"},"thumbnailUrl":"https:\/\/www.sskb.sk\/2022\/wp-content\/uploads\/2024\/01\/Mario-Plebani.pg_.jpg","datePublished":"2024-01-11T18:25:11+00:00","dateModified":"2024-07-16T11:13:55+00:00","breadcrumb":{"@id":"https:\/\/www.sskb.sk\/2022\/prihovor-noveho-prezidenta-eflm\/#breadcrumb"},"inLanguage":"sk-SK","potentialAction":[{"@type":"ReadAction","target":["https:\/\/www.sskb.sk\/2022\/prihovor-noveho-prezidenta-eflm\/"]}]},{"@type":"ImageObject","inLanguage":"sk-SK","@id":"https:\/\/www.sskb.sk\/2022\/prihovor-noveho-prezidenta-eflm\/#primaryimage","url":"https:\/\/www.sskb.sk\/2022\/wp-content\/uploads\/2024\/01\/Mario-Plebani.pg_.jpg","contentUrl":"https:\/\/www.sskb.sk\/2022\/wp-content\/uploads\/2024\/01\/Mario-Plebani.pg_.jpg","width":500,"height":500},{"@type":"BreadcrumbList","@id":"https:\/\/www.sskb.sk\/2022\/prihovor-noveho-prezidenta-eflm\/#breadcrumb","itemListElement":[{"@type":"ListItem","position":1,"name":"Domovsk\u00e1 str\u00e1nka","item":"https:\/\/www.sskb.sk\/2022\/"},{"@type":"ListItem","position":2,"name":"Pr\u00edhovor nov\u00e9ho prezidenta EFLM"}]},{"@type":"WebSite","@id":"https:\/\/www.sskb.sk\/2022\/#website","url":"https:\/\/www.sskb.sk\/2022\/","name":"SSKB SLS","description":"Slovensk\u00e1 spolo\u010dnos\u0165 klinickej bioch\u00e9mie","publisher":{"@id":"https:\/\/www.sskb.sk\/2022\/#organization"},"potentialAction":[{"@type":"SearchAction","target":{"@type":"EntryPoint","urlTemplate":"https:\/\/www.sskb.sk\/2022\/?s={search_term_string}"},"query-input":{"@type":"PropertyValueSpecification","valueRequired":true,"valueName":"search_term_string"}}],"inLanguage":"sk-SK"},{"@type":"Organization","@id":"https:\/\/www.sskb.sk\/2022\/#organization","name":"SSKB SLS","url":"https:\/\/www.sskb.sk\/2022\/","logo":{"@type":"ImageObject","inLanguage":"sk-SK","@id":"https:\/\/www.sskb.sk\/2022\/#\/schema\/logo\/image\/","url":"https:\/\/www.sskb.sk\/2022\/wp-content\/uploads\/2022\/09\/logo_klinicka-biochemia_SK-100.png","contentUrl":"https:\/\/www.sskb.sk\/2022\/wp-content\/uploads\/2022\/09\/logo_klinicka-biochemia_SK-100.png","width":100,"height":98,"caption":"SSKB SLS"},"image":{"@id":"https:\/\/www.sskb.sk\/2022\/#\/schema\/logo\/image\/"}},{"@type":"Person","@id":"https:\/\/www.sskb.sk\/2022\/#\/schema\/person\/9e78ad8c062b09f751f66cbe1d1cd85d","name":"J\u00e1n Balla","url":"https:\/\/www.sskb.sk\/2022\/author\/balla\/"}]}},"_links":{"self":[{"href":"https:\/\/www.sskb.sk\/2022\/wp-json\/wp\/v2\/posts\/8880","targetHints":{"allow":["GET"]}}],"collection":[{"href":"https:\/\/www.sskb.sk\/2022\/wp-json\/wp\/v2\/posts"}],"about":[{"href":"https:\/\/www.sskb.sk\/2022\/wp-json\/wp\/v2\/types\/post"}],"author":[{"embeddable":true,"href":"https:\/\/www.sskb.sk\/2022\/wp-json\/wp\/v2\/users\/6"}],"replies":[{"embeddable":true,"href":"https:\/\/www.sskb.sk\/2022\/wp-json\/wp\/v2\/comments?post=8880"}],"version-history":[{"count":5,"href":"https:\/\/www.sskb.sk\/2022\/wp-json\/wp\/v2\/posts\/8880\/revisions"}],"predecessor-version":[{"id":9206,"href":"https:\/\/www.sskb.sk\/2022\/wp-json\/wp\/v2\/posts\/8880\/revisions\/9206"}],"wp:attachment":[{"href":"https:\/\/www.sskb.sk\/2022\/wp-json\/wp\/v2\/media?parent=8880"}],"wp:term":[{"taxonomy":"category","embeddable":true,"href":"https:\/\/www.sskb.sk\/2022\/wp-json\/wp\/v2\/categories?post=8880"},{"taxonomy":"post_tag","embeddable":true,"href":"https:\/\/www.sskb.sk\/2022\/wp-json\/wp\/v2\/tags?post=8880"}],"curies":[{"name":"wp","href":"https:\/\/api.w.org\/{rel}","templated":true}]}}